{"id":224,"date":"2020-04-07T13:44:13","date_gmt":"2020-04-07T12:44:13","guid":{"rendered":"https:\/\/patrick-friedl.de\/wps\/2020\/04\/07\/offener-brief-notbetreuung-fuer-alle-eltern-von-kindern-und-jungen-erwachsenen-mit-schwe-rer-behinderung-bitte-um-schnellen-erlass-einer-ergaenzenden-allgemeinverfuegung\/"},"modified":"2020-04-07T13:44:13","modified_gmt":"2020-04-07T12:44:13","slug":"offener-brief-notbetreuung-fuer-alle-eltern-von-kindern-und-jungen-erwachsenen-mit-schwe-rer-behinderung-bitte-um-schnellen-erlass-einer-ergaenzenden-allgemeinverfuegung","status":"publish","type":"post","link":"https:\/\/patrick-friedl.de\/wps\/2020\/04\/07\/offener-brief-notbetreuung-fuer-alle-eltern-von-kindern-und-jungen-erwachsenen-mit-schwe-rer-behinderung-bitte-um-schnellen-erlass-einer-ergaenzenden-allgemeinverfuegung\/","title":{"rendered":"Offener Brief: Notbetreuung f\u00fcr alle Eltern von Kindern und jungen Erwachsenen mit schwerer Behinderung"},"content":{"rendered":"<p>Hier ist lesen Sie die erg\u00e4nzenden Worte von MdL Patrick Friedl zum Offenen Brief der Gr\u00fcnen Fraktion:<\/p>\n<p>\u201eDie Not von Eltern mit schwerstbehinderten Kindern ist gro\u00df. Seit \u00fcber drei Wochen sind sie zumeist bei der Betreuung komplett auf sich gestellt. Die bislang unterst\u00fctzenden Einrichtungen sind zu, die therapeutischen Ma\u00dfnahmen auf unbestimmte Zeit ausgesetzt und zumeist fallen die famili\u00e4ren und professionellen Hilfesysteme wegen Ausgangsbeschr\u00e4nkungen und Kontaktsperre vollst\u00e4ndig aus. Die Bayerische Staatsregierung muss hier dringend unterst\u00fctzend, finanzierend und f\u00f6rdernd t\u00e4tig werden, um den Eltern &#8211; oftmals Alleinerziehende &#8211; und ihren Kindern in dieser Notsituation schnellstm\u00f6glich zu helfen. Hierauf sollten sich die bestehenden (Heilp\u00e4dagogischen) Einrichtungen einstellen und die gesundheitlich notwendigen Voraussetzungen schaffen, denn die Not ist gro\u00df!\u201c<\/p>\n<p>Den kompletten Brief finden Sie auf der <a href=\"https:\/\/www.gruene-fraktion-bayern.de\/themen\/sozialpolitik\/2020\/notbetreuung-ermoeglichen-heilpaedagogische-tagesstaetten-oeffnen\">Homepage der Gr\u00fcnen Landtagsfraktion<\/a><\/p>\n","protected":false},"excerpt":{"rendered":"<p>Hier ist lesen Sie die erg\u00e4nzenden Worte von MdL Patrick Friedl zum Offenen Brief der Gr\u00fcnen Fraktion: \u201eDie Not von Eltern mit schwerstbehinderten Kindern ist gro\u00df. Seit \u00fcber drei Wochen [&hellip;]<\/p>\n","protected":false},"author":-1,"featured_media":0,"comment_status":"open","ping_status":"open","sticky":false,"template":"","format":"standard","meta":{"footnotes":""},"categories":[33],"tags":[],"class_list":["post-224","post","type-post","status-publish","format-standard","hentry","category-pressemitteilungen-weitere-themen"],"_links":{"self":[{"href":"https:\/\/patrick-friedl.de\/wps\/wp-json\/wp\/v2\/posts\/224","targetHints":{"allow":["GET"]}}],"collection":[{"href":"https:\/\/patrick-friedl.de\/wps\/wp-json\/wp\/v2\/posts"}],"about":[{"href":"https:\/\/patrick-friedl.de\/wps\/wp-json\/wp\/v2\/types\/post"}],"author":[{"embeddable":true,"href":"https:\/\/patrick-friedl.de\/wps\/wp-json\/wp\/v2\/users\/2"}],"replies":[{"embeddable":true,"href":"https:\/\/patrick-friedl.de\/wps\/wp-json\/wp\/v2\/comments?post=224"}],"version-history":[{"count":0,"href":"https:\/\/patrick-friedl.de\/wps\/wp-json\/wp\/v2\/posts\/224\/revisions"}],"wp:attachment":[{"href":"https:\/\/patrick-friedl.de\/wps\/wp-json\/wp\/v2\/media?parent=224"}],"wp:term":[{"taxonomy":"category","embeddable":true,"href":"https:\/\/patrick-friedl.de\/wps\/wp-json\/wp\/v2\/categories?post=224"},{"taxonomy":"post_tag","embeddable":true,"href":"https:\/\/patrick-friedl.de\/wps\/wp-json\/wp\/v2\/tags?post=224"}],"curies":[{"name":"wp","href":"https:\/\/api.w.org\/{rel}","templated":true}]}}