{"id":223,"date":"2020-04-07T13:29:58","date_gmt":"2020-04-07T12:29:58","guid":{"rendered":"https:\/\/patrick-friedl.de\/wps\/2020\/04\/07\/notbetreuung-ermoeglichen-heilpaedagogische-tagesstaetten-oeffnen\/"},"modified":"2020-04-07T13:29:58","modified_gmt":"2020-04-07T12:29:58","slug":"notbetreuung-ermoeglichen-heilpaedagogische-tagesstaetten-oeffnen","status":"publish","type":"post","link":"https:\/\/patrick-friedl.de\/wps\/2020\/04\/07\/notbetreuung-ermoeglichen-heilpaedagogische-tagesstaetten-oeffnen\/","title":{"rendered":"Notbetreuung erm\u00f6glichen: Heilp\u00e4dagogische Tagesst\u00e4tten \u00f6ffnen"},"content":{"rendered":"<p><span style=\"font-size: 10pt;\"><strong>Notbetreuung erm\u00f6glichen: Heilp\u00e4dagogische Tagesst\u00e4tten \u00f6ffnen! <\/strong><\/span><\/p>\n<p><span style=\"font-size: 10pt;\">Kerstin Celina warnt vor extremer Belastungsprobe f\u00fcr Eltern von Kindern mit Schwerst- oder Mehrfachbehinderung<\/span><\/p>\n<p>Schwerst- und mehrfachbehinderte Kinder sollen rasch wieder in heilp\u00e4dagogischen Tagesst\u00e4tten betreut werden. Das fordert die sozialpolitische Sprecherin der Landtags-Gr\u00fcnen, Kerstin Celina, in einem offenen Brief an CSU-Sozialministerin Carolina Trautner (Anhang). \u201eViele Familien und gerade auch Alleinerziehende sind nach wochenlanger Alleinbetreuung ihrer Kinder zuhause v\u00f6llig ersch\u00f6pft und brauchen jetzt zumindest tageweise schnell Hilfe\u201c, schildert Kerstin Celina die zunehmend belastende Situation. \u201eIn den Tagesst\u00e4tten haben wir optimal ausgestattete R\u00e4ume und hochqualifiziertes Fachpersonal, das \u2013 auch unter Beachtung der Gesundheitsschutzvorschriften \u2013 eine gute Betreuung organisieren kann.\u201c<\/p>\n<p>Gerade diejenigen unter den Kindern und Jugendlichen mit Behinderung, die nicht verstehen, warum sie nun zuhause bleiben m\u00fcssen, die sich nicht artikulieren k\u00f6nnen und die individuelle F\u00f6rderung ben\u00f6tigen, w\u00fcrden davon profitieren, wenn sie zumindest tageweise in kleinen Gruppen in ihre gewohnte Umgebung zur\u00fcckgehen k\u00f6nnten. \u201eBetreuung und individuelle F\u00f6rderung schwerstbehinderter Kinder und Jugendlicher ist eine enorme k\u00f6rperliche und psychische Herausforderung\u201c, unterstreicht Kerstin Celina. \u201eNeben Homeoffice f\u00fcr Mama und Papa und Organisation des Familienalltags in einer engen Wohnung ist das auf Dauer nur schwer zu stemmen.\u201c Externe Entlastung durch Gro\u00dfeltern oder Pflegekr\u00e4fte k\u00e4me derzeit wegen des Gesundheitsschutzes nicht infrage.<\/p>\n<p>Kritisch sieht Kerstin Celina auch die Corona-bedingte Finanzierungsl\u00fccke f\u00fcr Anbieter der dringend ben\u00f6tigten Therapien, z.B. in der Fr\u00fchf\u00f6rderung Diese Therapieangebote m\u00fcssen auch nach der Krise noch vorhanden sein. Sonst werde den Kindern die Chance genommen, ihre F\u00e4higkeiten unter professioneller Anleitung weiter zu verbessern und Erfolge zu erzielen. Hier ist die S\u00f6der-Regierung gefordert, gemeinsam mit den Kassen eine L\u00f6sung zu finden. Die Diskussion dar\u00fcber, wer in Corona-Zeiten f\u00fcr die Verg\u00fctung der Leistung zust\u00e4ndig ist, muss ein Ende haben.\u201c<\/p>\n","protected":false},"excerpt":{"rendered":"<p>Notbetreuung erm\u00f6glichen: Heilp\u00e4dagogische Tagesst\u00e4tten \u00f6ffnen! Kerstin Celina warnt vor extremer Belastungsprobe f\u00fcr Eltern von Kindern mit Schwerst- oder Mehrfachbehinderung Schwerst- und mehrfachbehinderte Kinder sollen rasch wieder in heilp\u00e4dagogischen Tagesst\u00e4tten betreut [&hellip;]<\/p>\n","protected":false},"author":-1,"featured_media":0,"comment_status":"open","ping_status":"open","sticky":false,"template":"","format":"standard","meta":{"footnotes":""},"categories":[40],"tags":[],"class_list":["post-223","post","type-post","status-publish","format-standard","hentry","category-pressemitteilungen-corona"],"_links":{"self":[{"href":"https:\/\/patrick-friedl.de\/wps\/wp-json\/wp\/v2\/posts\/223","targetHints":{"allow":["GET"]}}],"collection":[{"href":"https:\/\/patrick-friedl.de\/wps\/wp-json\/wp\/v2\/posts"}],"about":[{"href":"https:\/\/patrick-friedl.de\/wps\/wp-json\/wp\/v2\/types\/post"}],"author":[{"embeddable":true,"href":"https:\/\/patrick-friedl.de\/wps\/wp-json\/wp\/v2\/users\/2"}],"replies":[{"embeddable":true,"href":"https:\/\/patrick-friedl.de\/wps\/wp-json\/wp\/v2\/comments?post=223"}],"version-history":[{"count":0,"href":"https:\/\/patrick-friedl.de\/wps\/wp-json\/wp\/v2\/posts\/223\/revisions"}],"wp:attachment":[{"href":"https:\/\/patrick-friedl.de\/wps\/wp-json\/wp\/v2\/media?parent=223"}],"wp:term":[{"taxonomy":"category","embeddable":true,"href":"https:\/\/patrick-friedl.de\/wps\/wp-json\/wp\/v2\/categories?post=223"},{"taxonomy":"post_tag","embeddable":true,"href":"https:\/\/patrick-friedl.de\/wps\/wp-json\/wp\/v2\/tags?post=223"}],"curies":[{"name":"wp","href":"https:\/\/api.w.org\/{rel}","templated":true}]}}