{"id":220,"date":"2020-03-30T08:55:53","date_gmt":"2020-03-30T07:55:53","guid":{"rendered":"https:\/\/patrick-friedl.de\/wps\/2020\/03\/30\/mdl-patrick-friedl-geht-mit-neuer-webseite-an-den-start\/"},"modified":"2020-03-30T08:55:53","modified_gmt":"2020-03-30T07:55:53","slug":"mdl-patrick-friedl-geht-mit-neuer-webseite-an-den-start","status":"publish","type":"post","link":"https:\/\/patrick-friedl.de\/wps\/2020\/03\/30\/mdl-patrick-friedl-geht-mit-neuer-webseite-an-den-start\/","title":{"rendered":"MdL Patrick Friedl geht mit neuer Webseite an den Start"},"content":{"rendered":"<p><span style=\"font-size: 10pt;\">Friedl gibt Corona-Hilfe Informationen<\/span><\/p>\n<p><strong>MdL Patrick Friedl geht mit neuer Webseite an den Start<\/strong><\/p>\n<p>Auf seiner grundlegend \u00fcberarbeiteten Webseite www.patrick-friedl.de gibt Landtagsabgeordneter Patrick Friedl jetzt auch speziell Corona-Hilfe Informationen. Patrick Friedl: \u201eMit vielen Kontaktdaten, Hilfe-Telefonnummern, Tipps und Links will ich den Menschen in der Region die Suche nach Informationen zu Corona erleichtern.\u201c Gerade in diesen belastenden Zeiten sei es nicht f\u00fcr alle so einfach, an geeignete Informationen zu kommen. \u201eMich w\u00fcrde freuen, wenn ich einen kleinen Beitrag f\u00fcr eine erleichterte Suche im Info-Dschungel zu den wichtigsten Fragen rund um Corona damit leisten kann.\u201c Bei R\u00fcckfragen und W\u00fcnschen stehen Friedl und seine Mitarbeiter*innen unter wahlkreisbuero.friedl@gruene-fraktion-bayern.de gerne zur Verf\u00fcgung.<\/p>\n","protected":false},"excerpt":{"rendered":"<p>Friedl gibt Corona-Hilfe Informationen MdL Patrick Friedl geht mit neuer Webseite an den Start Auf seiner grundlegend \u00fcberarbeiteten Webseite www.patrick-friedl.de gibt Landtagsabgeordneter Patrick Friedl jetzt auch speziell Corona-Hilfe Informationen. Patrick [&hellip;]<\/p>\n","protected":false},"author":-1,"featured_media":0,"comment_status":"open","ping_status":"open","sticky":false,"template":"","format":"standard","meta":{"footnotes":""},"categories":[33],"tags":[],"class_list":["post-220","post","type-post","status-publish","format-standard","hentry","category-pressemitteilungen-weitere-themen"],"_links":{"self":[{"href":"https:\/\/patrick-friedl.de\/wps\/wp-json\/wp\/v2\/posts\/220","targetHints":{"allow":["GET"]}}],"collection":[{"href":"https:\/\/patrick-friedl.de\/wps\/wp-json\/wp\/v2\/posts"}],"about":[{"href":"https:\/\/patrick-friedl.de\/wps\/wp-json\/wp\/v2\/types\/post"}],"author":[{"embeddable":true,"href":"https:\/\/patrick-friedl.de\/wps\/wp-json\/wp\/v2\/users\/2"}],"replies":[{"embeddable":true,"href":"https:\/\/patrick-friedl.de\/wps\/wp-json\/wp\/v2\/comments?post=220"}],"version-history":[{"count":0,"href":"https:\/\/patrick-friedl.de\/wps\/wp-json\/wp\/v2\/posts\/220\/revisions"}],"wp:attachment":[{"href":"https:\/\/patrick-friedl.de\/wps\/wp-json\/wp\/v2\/media?parent=220"}],"wp:term":[{"taxonomy":"category","embeddable":true,"href":"https:\/\/patrick-friedl.de\/wps\/wp-json\/wp\/v2\/categories?post=220"},{"taxonomy":"post_tag","embeddable":true,"href":"https:\/\/patrick-friedl.de\/wps\/wp-json\/wp\/v2\/tags?post=220"}],"curies":[{"name":"wp","href":"https:\/\/api.w.org\/{rel}","templated":true}]}}