{"id":219,"date":"2020-03-29T15:56:28","date_gmt":"2020-03-29T14:56:28","guid":{"rendered":"https:\/\/patrick-friedl.de\/wps\/2020\/03\/29\/informationen-und-webseiten\/"},"modified":"2020-03-29T15:56:28","modified_gmt":"2020-03-29T14:56:28","slug":"informationen-und-webseiten","status":"publish","type":"post","link":"https:\/\/patrick-friedl.de\/wps\/2020\/03\/29\/informationen-und-webseiten\/","title":{"rendered":"Informationen und Webseiten"},"content":{"rendered":"<h4><span style=\"text-decoration: underline;\"><a href=\"https:\/\/www.bayern.landtag.de\/aktuelles\/coronavirus-landtag-bleibt-handlungsfaehig\/\" target=\"_blank\" rel=\"noopener noreferrer\"><strong>Informationen der Staatsregierung<\/strong> <\/a><\/span><\/h4>\n<ul>\n<li>\n<p><a href=\"https:\/\/www.stmgp.bayern.de\/\" target=\"_blank\" rel=\"noopener noreferrer\">Staatsministerium f\u00fcr Gesundheit und Pflege<\/a><\/p>\n<\/li>\n<li>\n<p><a href=\"https:\/\/www.lgl.bayern.de\/gesundheit\/infektionsschutz\/infektionskrankheiten_a_z\/coronavirus\/faq.htm\" target=\"_blank\" rel=\"noopener noreferrer\">Landesamt f\u00fcr Gesundheit und Lebensmittelsicherheit<\/a><\/p>\n<\/li>\n<li>\n<p><a href=\"http:\/\/www.bayern.de\/service\/coronavirus-in-bayern-informationen-auf-einen-blick\/\" target=\"_blank\" rel=\"noopener noreferrer\">Bayerische Staatsregierung &#8211; Informationen auf einen Blick<\/a><\/p>\n<\/li>\n<\/ul>\n<h4><strong>Informationen aus dem Landtag<\/strong><\/h4>\n<ul>\n<li>\n<p><a href=\"https:\/\/www.bayern.landtag.de\/parlament\/ausschuesse-gremien\/gesundheitsausschuss\/\" target=\"_blank\" rel=\"noopener noreferrer\">Gesundheitsausschuss des Landtags <\/a><\/p>\n<\/li>\n<li>\n<p><a href=\"https:\/\/www.bayern.landtag.de\/aktuelles\/\" target=\"_blank\" rel=\"noopener noreferrer\">Aktuelles aus dem Landtag<\/a><\/p>\n<\/li>\n<\/ul>\n<h4><a contenteditable=\"false\" href=\"%20https:\/www.bundesregierung.de\/breg-de\/themen\/coronavirus\/ausbreitung-coronavirus-1716188\" name=\"_Toc36120924\"><\/a><span style=\"text-decoration: underline;\"><strong><a href=\"https:\/\/www.bundesregierung.de\/breg-de\/themen\/coronavirus\/coronavirus-aktuelle-informationen\" target=\"_blank\" rel=\"noopener noreferrer\">Informationen der Bundesregierung<\/a><\/strong><\/span><\/h4>\n<ul>\n<li>\n<p><a href=\"https:\/\/www.infektionsschutz.de\/coronavirus\/verhaltensregeln.html\" target=\"_blank\" rel=\"noopener noreferrer\">Hygiene- und Verhaltensregeln <\/a><\/p>\n<\/li>\n<li>\n<p><a href=\"https:\/\/www.rki.de\/DE\/Content\/InfAZ\/N\/Neuartiges_Coronavirus\/Risikogebiete.html\" target=\"_blank\" rel=\"noopener noreferrer\">Risikogebiete<\/a><\/p>\n<\/li>\n<li>\n<p><a href=\"https:\/\/www.rki.de\/DE\/Content\/InfAZ\/N\/Neuartiges_Coronavirus\/Fallzahlen.html\" target=\"_blank\" rel=\"noopener noreferrer\">Fallzahlen<\/a><\/p>\n<\/li>\n<li>\n<p><a href=\"https:\/\/www.wuerzburg.de\/coronainfo\/startseite\/aktuelle-meldungen\/index.html\">Aktueller Situationsbericht\u00a0 <\/a><\/p>\n<\/li>\n<\/ul>\n<h4><span style=\"text-decoration: underline;\"><strong><a href=\"https:\/\/www.wuerzburg.de\/coronainfo\/startseite\/aktuelle-meldungen\/index.html\">Informationen aus W\u00fcrzburg<\/a><\/strong><\/span><\/h4>\n<ul>\n<li>Corona-Informationen der <a href=\"https:\/\/www.wuerzburg.de\/coronainfo\/startseite\/aktuelle-meldungen\/index.html\">Stadt W\u00fcrzburg<\/a><\/li>\n<\/ul>\n<ul>\n<li>Informationen auf <a href=\"https:\/\/wuerzburgwiki.de\/wiki\/COVID-19-Pandemie_in_Stadt_und_Landkreis_W%C3%BCrzburg?fbclid=IwAR1e0_XWMto-bweJyctyI38ZnjNF9UACmiUEJNaV4F1QYHCq2Qs4zGLle8s\">W\u00fcrzburg-Wiki zu Covid 19<\/a><\/li>\n<\/ul>\n<ul>\n<li>Corona-Informationen des <a href=\"https:\/\/www.landkreis-wuerzburg.de\/Coronavirus\">Gesundheitsamtes W\u00fcrzburg<\/a><\/li>\n<\/ul>\n<h4><span style=\"text-decoration: underline;\"><strong><a href=\"https:\/\/www.stmas.bayern.de\/coronavirus-info\/faq-coronavirus-betreuung.php\" target=\"_blank\" rel=\"noopener noreferrer\">Informationen zur Kindertagesbetreuung in Bayern<\/a><\/strong><\/span><\/h4>\n<h4><span style=\"text-decoration: underline;\"><strong><a href=\"https:\/\/tools.rki.de\/PLZTool\/\" target=\"_blank\" rel=\"noopener noreferrer\">Zust\u00e4ndiges Gesundheitsamt finden<\/a><\/strong><\/span><\/h4>\n<h4><span style=\"text-decoration: underline;\"><strong><a href=\"https:\/\/www.klicksafe.de\/themen\/problematische-inhalte\/fake-news\/\" target=\"_blank\" rel=\"noopener noreferrer\">Hoax, Fake News, etc.<\/a><\/strong><\/span><\/h4>\n<h4><span style=\"text-decoration: underline;\"><strong><a href=\"https:\/\/www.youtube.com\/watch?v=Fx11Y4xjDwA\" target=\"_blank\" rel=\"noopener noreferrer\">Terra X &#8211; Lesch &amp; Co (YouTube)<\/a><\/strong><\/span><\/h4>\n<p>\u00a0<\/p>\n<h4><span style=\"text-decoration: underline;\"><strong><a href=\"https:\/\/www.youtube.com\/channel\/UCdbDIUyaDXemK4pfV6fqdcQ\" target=\"_blank\" rel=\"noopener noreferrer\">Erkl\u00e4rvideos der Bundeszentrale f\u00fcr gesundheitliche Aufkl\u00e4rung (BZgA)<\/a><\/strong><\/span><\/h4>\n<h4 class=\"western\"><strong>Informationen in Geb\u00e4rdensprache<\/strong><\/h4>\n<ul>\n<li>\n<p><a href=\"https:\/\/www.infektionsschutz.de\/gebaerdensprache.html\" target=\"_blank\" rel=\"noopener noreferrer\">Zum Infektionsschutz<\/a><\/p>\n<p><strong>Allgemeine Informationen<\/strong><\/p>\n<\/li>\n<li>\n<p><a href=\"https:\/\/www.bundesgesundheitsministerium.de\/ministerium\/deutsche-gebaerdensprache\/deutsche-gebaerdensprache.html\" target=\"_blank\" rel=\"noopener noreferrer\">des Bundesgesundheitsministeriums<\/a><\/p>\n<\/li>\n<li><a href=\"https:\/\/www.stmas.bayern.de\/coronavirus-info\/corona-menschen-behinderung.php\" target=\"_blank\" rel=\"noopener noreferrer\">des Staatsministeriums f\u00fcr Familie und Soziales<\/a><\/li>\n<\/ul>\n<p><a href=\"http:\/\/www.gehoerlosen-bund.de\/coronavirus\" target=\"_blank\" rel=\"noopener noreferrer\">St\u00e4ndig aktualisierte Informationen vom Deutschen Geh\u00f6rlosenbund e.V.<\/a><\/p>\n<p><a href=\"https:\/\/www.kvb.de\/fileadmin\/kvb\/dokumente\/Praxis\/Formulare\/A-D\/KVB-FORM-Notfallfax-BD-Gehoerlose.pdf\" target=\"_blank\" rel=\"noopener noreferrer\">Fax-Formular f\u00fcr Geh\u00f6rlose des Kassen\u00e4rztlichen Bereitschaftsdienstes Bayern<\/a><\/p>\n","protected":false},"excerpt":{"rendered":"<p>Informationen der Staatsregierung Staatsministerium f\u00fcr Gesundheit und Pflege Landesamt f\u00fcr Gesundheit und Lebensmittelsicherheit Bayerische Staatsregierung &#8211; Informationen auf einen Blick Informationen aus dem Landtag Gesundheitsausschuss des Landtags Aktuelles aus dem [&hellip;]<\/p>\n","protected":false},"author":-1,"featured_media":0,"comment_status":"open","ping_status":"open","sticky":false,"template":"","format":"standard","meta":{"footnotes":""},"categories":[30],"tags":[],"class_list":["post-219","post","type-post","status-publish","format-standard","hentry","category-corona"],"_links":{"self":[{"href":"https:\/\/patrick-friedl.de\/wps\/wp-json\/wp\/v2\/posts\/219","targetHints":{"allow":["GET"]}}],"collection":[{"href":"https:\/\/patrick-friedl.de\/wps\/wp-json\/wp\/v2\/posts"}],"about":[{"href":"https:\/\/patrick-friedl.de\/wps\/wp-json\/wp\/v2\/types\/post"}],"author":[{"embeddable":true,"href":"https:\/\/patrick-friedl.de\/wps\/wp-json\/wp\/v2\/users\/1"}],"replies":[{"embeddable":true,"href":"https:\/\/patrick-friedl.de\/wps\/wp-json\/wp\/v2\/comments?post=219"}],"version-history":[{"count":0,"href":"https:\/\/patrick-friedl.de\/wps\/wp-json\/wp\/v2\/posts\/219\/revisions"}],"wp:attachment":[{"href":"https:\/\/patrick-friedl.de\/wps\/wp-json\/wp\/v2\/media?parent=219"}],"wp:term":[{"taxonomy":"category","embeddable":true,"href":"https:\/\/patrick-friedl.de\/wps\/wp-json\/wp\/v2\/categories?post=219"},{"taxonomy":"post_tag","embeddable":true,"href":"https:\/\/patrick-friedl.de\/wps\/wp-json\/wp\/v2\/tags?post=219"}],"curies":[{"name":"wp","href":"https:\/\/api.w.org\/{rel}","templated":true}]}}