{"id":2102,"date":"2025-02-27T14:26:34","date_gmt":"2025-02-27T14:26:34","guid":{"rendered":"https:\/\/patrick-friedl.de\/wps\/?p=2102"},"modified":"2025-07-22T14:28:03","modified_gmt":"2025-07-22T13:28:03","slug":"schriftliche-anfrage-ueberschwemmungsgebiete-2","status":"publish","type":"post","link":"https:\/\/patrick-friedl.de\/wps\/2025\/02\/27\/schriftliche-anfrage-ueberschwemmungsgebiete-2\/","title":{"rendered":"Schriftliche Anfrage: \u00dcberschwemmungsgebiete"},"content":{"rendered":"\n<p>Diese Schriftliche Anfrage richtet sich an die Staatsregierung zu den \u00dcberschwemmungsgebieten in Bayern. Gefragt wird nach der Entwicklung der Anzahl festgesetzter \u00dcberschwemmungsgebiete in den letzten zehn Jahren, deren Festlegung durch Regionalpl\u00e4ne, Fachbeh\u00f6rden und Gemeinden sowie dem Status vorl\u00e4ufig gesicherter Gebiete. Zudem interessieren Ausnahmen von Schutzvorschriften, Sch\u00e4den durch Hochwasser trotz Ausnahmen und abgelehnte Ausnahmeantr\u00e4ge. Weitere Fragen betreffen die Umwandlung von Dauergr\u00fcnland in Ackerland, Ausgleichsma\u00dfnahmen bei R\u00fcckhalteraumverlust, Berechnung und Funktionsf\u00e4higkeit von Retentionsfl\u00e4chen sowie Hochwassersch\u00e4den durch ausgelaufene \u00d6ltanks. Abschlie\u00dfend wird erfragt, ob eine Gesetzes\u00e4nderung zum Verbot von \u00d6ltanks in \u00dcberschwemmungsgebieten geplant ist.<\/p>\n\n\n\n<p><a href=\"http:\/\/patrick-friedl.de\/wps\/wp-content\/uploads\/2025\/07\/19_0005469.pdf\">Die Antwort der Staatsregierung.<\/a><\/p>\n","protected":false},"excerpt":{"rendered":"<p>Diese Schriftliche Anfrage richtet sich an die Staatsregierung zu den \u00dcberschwemmungsgebieten in Bayern. Gefragt wird nach der Entwicklung der Anzahl festgesetzter \u00dcberschwemmungsgebiete in den letzten zehn Jahren, deren Festlegung durch [&hellip;]<\/p>\n","protected":false},"author":-1,"featured_media":0,"comment_status":"closed","ping_status":"closed","sticky":false,"template":"","format":"standard","meta":{"footnotes":""},"categories":[45,77,80],"tags":[],"class_list":["post-2102","post","type-post","status-publish","format-standard","hentry","category-anfragen-im-landtag-2","category-schriftliche-anfragen","category-wasser-gewaesser-san"],"_links":{"self":[{"href":"https:\/\/patrick-friedl.de\/wps\/wp-json\/wp\/v2\/posts\/2102","targetHints":{"allow":["GET"]}}],"collection":[{"href":"https:\/\/patrick-friedl.de\/wps\/wp-json\/wp\/v2\/posts"}],"about":[{"href":"https:\/\/patrick-friedl.de\/wps\/wp-json\/wp\/v2\/types\/post"}],"author":[{"embeddable":true,"href":"https:\/\/patrick-friedl.de\/wps\/wp-json\/wp\/v2\/users\/8"}],"replies":[{"embeddable":true,"href":"https:\/\/patrick-friedl.de\/wps\/wp-json\/wp\/v2\/comments?post=2102"}],"version-history":[{"count":1,"href":"https:\/\/patrick-friedl.de\/wps\/wp-json\/wp\/v2\/posts\/2102\/revisions"}],"predecessor-version":[{"id":2103,"href":"https:\/\/patrick-friedl.de\/wps\/wp-json\/wp\/v2\/posts\/2102\/revisions\/2103"}],"wp:attachment":[{"href":"https:\/\/patrick-friedl.de\/wps\/wp-json\/wp\/v2\/media?parent=2102"}],"wp:term":[{"taxonomy":"category","embeddable":true,"href":"https:\/\/patrick-friedl.de\/wps\/wp-json\/wp\/v2\/categories?post=2102"},{"taxonomy":"post_tag","embeddable":true,"href":"https:\/\/patrick-friedl.de\/wps\/wp-json\/wp\/v2\/tags?post=2102"}],"curies":[{"name":"wp","href":"https:\/\/api.w.org\/{rel}","templated":true}]}}