{"id":2100,"date":"2025-02-27T14:24:45","date_gmt":"2025-02-27T14:24:45","guid":{"rendered":"https:\/\/patrick-friedl.de\/wps\/?p=2100"},"modified":"2025-07-22T14:25:42","modified_gmt":"2025-07-22T13:25:42","slug":"schriftliche-anfrage-schutz-der-endemiten-in-bayern-2","status":"publish","type":"post","link":"https:\/\/patrick-friedl.de\/wps\/2025\/02\/27\/schriftliche-anfrage-schutz-der-endemiten-in-bayern-2\/","title":{"rendered":"Schriftliche Anfrage: Schutz der Endemiten in Bayern"},"content":{"rendered":"\n<p>In dieser Schriftlichen Anfrage wird die Staatsregierung zum Schutz endemischer Arten in Bayern befragt. Endemiten kommen nur in Bayern vor und ihr Verschwinden h\u00e4tte weltweite Folgen. Bayern weist leider eine hohe Zahl ausgestorbener Endemiten auf, darunter etwa die Chiemseerenke und bestimmte Laufk\u00e4ferarten. Die Anfrage zielt darauf ab, welche Daten zu Verbreitung, Bestand und Gef\u00e4hrdung vorliegen, ob und welche ex-situ Erhaltungsprogramme existieren oder geplant sind, sowie wie die Priorit\u00e4tensetzung beim Artenschutz erfolgt. Au\u00dferdem wird nach Managementpl\u00e4nen f\u00fcr bedrohte Arten und den Folgen f\u00fcr Fischerei und Waldwirtschaft gefragt.<\/p>\n\n\n\n<p><a href=\"http:\/\/patrick-friedl.de\/wps\/wp-content\/uploads\/2025\/07\/19_0005452.pdf\">Die Antwort der Staatsregierung.<\/a><\/p>\n","protected":false},"excerpt":{"rendered":"<p>In dieser Schriftlichen Anfrage wird die Staatsregierung zum Schutz endemischer Arten in Bayern befragt. Endemiten kommen nur in Bayern vor und ihr Verschwinden h\u00e4tte weltweite Folgen. Bayern weist leider eine [&hellip;]<\/p>\n","protected":false},"author":-1,"featured_media":0,"comment_status":"closed","ping_status":"closed","sticky":false,"template":"","format":"standard","meta":{"footnotes":""},"categories":[79,45,77],"tags":[],"class_list":["post-2100","post","type-post","status-publish","format-standard","hentry","category-natur-artenschutz-san","category-anfragen-im-landtag-2","category-schriftliche-anfragen"],"_links":{"self":[{"href":"https:\/\/patrick-friedl.de\/wps\/wp-json\/wp\/v2\/posts\/2100","targetHints":{"allow":["GET"]}}],"collection":[{"href":"https:\/\/patrick-friedl.de\/wps\/wp-json\/wp\/v2\/posts"}],"about":[{"href":"https:\/\/patrick-friedl.de\/wps\/wp-json\/wp\/v2\/types\/post"}],"author":[{"embeddable":true,"href":"https:\/\/patrick-friedl.de\/wps\/wp-json\/wp\/v2\/users\/8"}],"replies":[{"embeddable":true,"href":"https:\/\/patrick-friedl.de\/wps\/wp-json\/wp\/v2\/comments?post=2100"}],"version-history":[{"count":1,"href":"https:\/\/patrick-friedl.de\/wps\/wp-json\/wp\/v2\/posts\/2100\/revisions"}],"predecessor-version":[{"id":2101,"href":"https:\/\/patrick-friedl.de\/wps\/wp-json\/wp\/v2\/posts\/2100\/revisions\/2101"}],"wp:attachment":[{"href":"https:\/\/patrick-friedl.de\/wps\/wp-json\/wp\/v2\/media?parent=2100"}],"wp:term":[{"taxonomy":"category","embeddable":true,"href":"https:\/\/patrick-friedl.de\/wps\/wp-json\/wp\/v2\/categories?post=2100"},{"taxonomy":"post_tag","embeddable":true,"href":"https:\/\/patrick-friedl.de\/wps\/wp-json\/wp\/v2\/tags?post=2100"}],"curies":[{"name":"wp","href":"https:\/\/api.w.org\/{rel}","templated":true}]}}