{"id":210,"date":"2020-03-19T16:39:22","date_gmt":"2020-03-19T16:39:22","guid":{"rendered":"https:\/\/patrick-friedl.de\/wps\/2020\/03\/19\/coronahilfe-des-bayerischen-wirtschaftsministeriums\/"},"modified":"2020-03-19T16:39:22","modified_gmt":"2020-03-19T16:39:22","slug":"coronahilfe-des-bayerischen-wirtschaftsministeriums","status":"publish","type":"post","link":"https:\/\/patrick-friedl.de\/wps\/2020\/03\/19\/coronahilfe-des-bayerischen-wirtschaftsministeriums\/","title":{"rendered":"Coronahilfe des bayerischen Wirtschaftsministeriums"},"content":{"rendered":"<p><span style=\"font-size: 10pt;\"><strong>Patrick Friedl weist auf Coronahilfe des bayerischen Wirtschaftsministeriums hin <\/strong><\/span><\/p>\n<p><strong>Auch alle Kulturschaffenden sind antragsberechtigt<\/strong><\/p>\n<p>Der Landtagsabgeordnete Patrick Friedl weist darauf hin, dass die Bayerische Staatsregierung ein \u201eSoforthilfeprogramm\u201c eingerichtet hat, \u201edas sich an Betriebe und Freiberufler richtet\u201c. Betroffene, \u201edie durch die Corona-Krise in eine existenzbedrohliche wirtschaftliche Schieflage und in Liquidit\u00e4tsengp\u00e4sse geraten sind\u201c, k\u00f6nnen online einen F\u00f6rderantrag stellen. \u201eAntr\u00e4ge k\u00f6nnen von gewerblichen Unternehmen und selbstst\u00e4ndigen Angeh\u00f6rigen der Freien Berufe (bis zu 250 Erwerbst\u00e4tige) gestellt werden, die eine Betriebs- bzw. Arbeitsst\u00e4tte in Bayern haben\u201c.<\/p>\n<p>Zu finden ist der Antrag auf der Seite des Bayerischen Wirtschaftsministeriums sowie auf den Websites der sieben Bezirksregierungen und der Stadt M\u00fcnchen unter:<\/p>\n<p><a href=\"https:\/\/www.stmwi.bayern.de\/soforthilfe-corona\/\" target=\"_blank\" rel=\"noopener noreferrer\">https:\/\/www.stmwi.bayern.de\/soforthilfe-corona\/<\/a><\/p>\n<p>In seiner heutigen Regierungserkl\u00e4rung hat der Ministerpr\u00e4sident extra auf die Antragsberechtigung kleiner Betriebe und auch f\u00fcr Kulturschaffende hingewiesen, so Patrick Friedl. \u201eNutzen Sie diese M\u00f6glichkeit, wenn Sie unmittelbar in Not geraten!\u201c<\/p>\n<p>\u00a0<\/p>\n<p>Der Antrag kann seit 31.03.2020 ausschlie\u00dflich online eingereicht werden:<\/p>\n<p><a href=\"https:\/\/www.soforthilfe-corona.bayern\" target=\"_blank\" rel=\"noopener noreferrer\">https:\/\/www.soforthilfe-corona.bayern<\/a><\/p>\n<p>Bitte geben Sie dort das angezeigte Captcha ein und klicken Sie auf Start.<\/p>\n","protected":false},"excerpt":{"rendered":"<p>Patrick Friedl weist auf Coronahilfe des bayerischen Wirtschaftsministeriums hin Auch alle Kulturschaffenden sind antragsberechtigt Der Landtagsabgeordnete Patrick Friedl weist darauf hin, dass die Bayerische Staatsregierung ein \u201eSoforthilfeprogramm\u201c eingerichtet hat, \u201edas [&hellip;]<\/p>\n","protected":false},"author":-1,"featured_media":0,"comment_status":"open","ping_status":"open","sticky":false,"template":"","format":"standard","meta":{"footnotes":""},"categories":[33],"tags":[],"class_list":["post-210","post","type-post","status-publish","format-standard","hentry","category-pressemitteilungen-weitere-themen"],"_links":{"self":[{"href":"https:\/\/patrick-friedl.de\/wps\/wp-json\/wp\/v2\/posts\/210","targetHints":{"allow":["GET"]}}],"collection":[{"href":"https:\/\/patrick-friedl.de\/wps\/wp-json\/wp\/v2\/posts"}],"about":[{"href":"https:\/\/patrick-friedl.de\/wps\/wp-json\/wp\/v2\/types\/post"}],"author":[{"embeddable":true,"href":"https:\/\/patrick-friedl.de\/wps\/wp-json\/wp\/v2\/users\/1"}],"replies":[{"embeddable":true,"href":"https:\/\/patrick-friedl.de\/wps\/wp-json\/wp\/v2\/comments?post=210"}],"version-history":[{"count":0,"href":"https:\/\/patrick-friedl.de\/wps\/wp-json\/wp\/v2\/posts\/210\/revisions"}],"wp:attachment":[{"href":"https:\/\/patrick-friedl.de\/wps\/wp-json\/wp\/v2\/media?parent=210"}],"wp:term":[{"taxonomy":"category","embeddable":true,"href":"https:\/\/patrick-friedl.de\/wps\/wp-json\/wp\/v2\/categories?post=210"},{"taxonomy":"post_tag","embeddable":true,"href":"https:\/\/patrick-friedl.de\/wps\/wp-json\/wp\/v2\/tags?post=210"}],"curies":[{"name":"wp","href":"https:\/\/api.w.org\/{rel}","templated":true}]}}