{"id":2092,"date":"2025-07-22T14:14:09","date_gmt":"2025-07-22T13:14:09","guid":{"rendered":"https:\/\/patrick-friedl.de\/wps\/?p=2092"},"modified":"2025-08-02T06:18:30","modified_gmt":"2025-08-02T05:18:30","slug":"klimaanpassung-hitzeschutz-und-kuehlung","status":"publish","type":"post","link":"https:\/\/patrick-friedl.de\/wps\/2025\/07\/22\/klimaanpassung-hitzeschutz-und-kuehlung\/","title":{"rendered":"Klimaanpassung: Hitzeschutz und K\u00fchlung"},"content":{"rendered":"\n<p><strong>\u201eHitze t\u00f6tet \u2013 Zeit f\u00fcr eine Politik, die sch\u00fctzt!\u201c<\/strong><\/p>\n\n\n\n<p>Wir alle sp\u00fcren die Folgen der Klimakrise: Die Sommer werden hei\u00dfer, Hitzewellen h\u00e4ufiger. Wir m\u00fcssen schnell und gezielt handeln, um f\u00fcr die Gesundheit und Lebensqualit\u00e4t aller B\u00fcrgerinnen und B\u00fcrger vorzusorgen. Besonders \u00e4ltere Menschen, Pflegebed\u00fcrftige, chronisch Kranke, Menschen mit Behinderung, Schwangere und Kinder m\u00fcssen bestm\u00f6glich vor Hitze gesch\u00fctzt werden.<\/p>\n\n\n\n<p>Es sind gezielte Ma\u00dfnahmen in St\u00e4dten und Gemeinden vor Ort notwendig, um sich an die extremen Temperaturen anzupassen und hitzebedingten Gesundheitsgefahren und sozialen Folgen vorzubeugen. Gleichzeitig muss die Staatsregierung Hitzeschutz endlich als zentrale staatliche Zukunftsaufgabe begreifen und darf Kommunen nicht l\u00e4nger allein lassen.<\/p>\n\n\n\n<p>Drei zentrale Schritte sind jetzt notwendig:<\/p>\n\n\n\n<p><strong>Vorsorge gesetzlich verankern \u2013 Gesundheit sch\u00fctzen \u2013 St\u00e4dte abk\u00fchlen<\/strong><\/p>\n\n\n\n<p>Damit Bayern gut durch immer hei\u00dfere Sommer kommt, braucht es mehr als Symbolpolitik. Der Freistaat muss St\u00e4dten und Gemeinden den R\u00fccken st\u00e4rken, gezielt in Schutzma\u00dfnahmen f\u00fcr gef\u00e4hrdete Gruppen investieren &amp; mithelfen, unsere Kommunen vor \u00dcberhitzung zu bewahren.<\/p>\n\n\n\n<ul class=\"wp-block-list\">\n<li><strong>Klimaanpassung gesetzlich verankern<\/strong><br>Kommunen m\u00fcssen verpflichtet und vom Freistaat Bayern finanziell in die Lage versetzt werden, sich systematisch auf Hitze, Trockenheit und Extremwetter vorzubereiten.<\/li>\n\n\n\n<li><strong>Einrichtungen klimaresilient machen<\/strong><br>Ein gezieltes F\u00f6rderprogramm \u201eKlimaresilienz Bayern\u201c soll Pflegeeinrichtungen, Krankenh\u00e4user, Kindertagesst\u00e4tten und Schulen, Verschattung durch Begr\u00fcnung, Sonnenschutz, effiziente K\u00fchlsystemen und anderen Hitzeschutz erm\u00f6glichen.<\/li>\n\n\n\n<li><strong>Kommunen massiv begr\u00fcnen<\/strong><br>Ein landesweites Baumpflanzprogramm mit j\u00e4hrlich mindestens 100.000 neuen Stadtb\u00e4umen soll zus\u00e4tzliche K\u00fchlung schaffen und das Mikroklima verbessern.<\/li>\n<\/ul>\n\n\n\n<p><strong>Ausblick: Ein klimaresilientes Bayern, in dem wir gut leben k\u00f6nnen \u2013 trotz Hitze<\/strong><\/p>\n\n\n\n<p>Wenn wir jetzt handeln, werden unsere St\u00e4dte und Gemeinden zu gr\u00fcnen, lebenswerten Orten \u2013 trotz Klimaerhitzung. B\u00e4ume spenden Schatten, entsiegelte Fl\u00e4chen lassen Regenwasser versickern und ein k\u00fchles L\u00fcftchen zieht durch erhaltene Frischluftschneisen. Begr\u00fcnte D\u00e4cher, Fassaden und H\u00f6fe bieten sp\u00fcrbare Abk\u00fchlung.<\/p>\n\n\n\n<p>An hei\u00dfen Tagen wissen die Menschen, wohin sie sich zur\u00fcckziehen k\u00f6nnen \u2013 ob in \u00f6ffentliche \u201eK\u00fchle R\u00e4ume\u201c im Quartier, die klimatisierte Bibliothek oder das schattige Gemeinschaftshaus.<\/p>\n\n\n\n<p>Pflegeheime, Kitas und Schulen sind begr\u00fcnt &amp; mit wirksamer Hitzeschutztechnik ausgestattet \u2013 hier ist Vorsorge selbstverst\u00e4ndlich geworden. Warnsysteme, geschulte Fachkr\u00e4fte und Nachbarschaftshilfe sorgen daf\u00fcr, dass niemand allein bleibt, wenn die Temperaturen steigen.<\/p>\n\n\n\n<p>Arbeit wird flexibel organisiert, Sonnenschutz und Pausen sind normal \u2013 auch f\u00fcr Paketzusteller*innen oder G\u00e4rtner*innen. Und wenn der Ausnahmefall eintritt, koordiniert ein landesweites Hitze-Notfallzentrum schnell und verl\u00e4sslich die Hilfe.<\/p>\n\n\n\n<p>Klimaanpassung und insbesondere Hitzeschutz sind dann keine Notl\u00f6sungen mehr \u2013 sondern Ausdruck einer vorausschauenden, \u00f6kologischen, sozialen und modernen Politik. Wir leben weiterhin gut in unseren St\u00e4dten und D\u00f6rfern \u2013 auch in einem hei\u00dfer werdenden Klima.<\/p>\n\n\n\n<h2 class=\"wp-block-heading\">Was jede*r Einzelne tun kann:<\/h2>\n\n\n\n<ol class=\"wp-block-list\">\n<li><strong>Ausreichend trinken.<\/strong><br>Pro Tag mindestens ein bis zwei Liter mehr trinken als \u00fcblich. Am besten geeignet sind Mineralwasser, unges\u00fc\u00dfte Tees oder stark verd\u00fcnnte Schorlen. Alkohol und zu viel Zucker vermeiden. Ideal sind Getr\u00e4nke bei Raumtemperatur oder lauwarm, da stark gek\u00fchlte Getr\u00e4nke den Hitzestress des K\u00f6rpers erh\u00f6hen.<\/li>\n\n\n\n<li><strong>Den K\u00f6rper k\u00fchlen.<\/strong><br>Geeignete Kleidung w\u00e4hlen. Dazu z\u00e4hlen weite, lockere, helle Kleidungsst\u00fccke aus Naturfasern (z. B. Leinen, Baumwolle) und offene oder atmungsaktive Schuhe. Feuchte Waschlappen auf die Haut (Stirn, etc.) sowie Fu\u00dfb\u00e4der sind sehr wirkungsvoll. Auch Ganzk\u00f6rperb\u00e4der k\u00f6nnen sinnvoll sein, allerdings mit Bedacht. Zu pl\u00f6tzliche oder starke Temperaturunterschiede k\u00f6nnen den Kreislauf belasten und gef\u00e4hrlich sein.<\/li>\n\n\n\n<li><strong>In k\u00fchlen und schattigen Umgebungen aufhalten.<\/strong><br>Das eigene Haus bzw. die eigene Wohnung (n\u00f6tigenfalls in Absprache mit Vermieter*innen) hitzefest machen durch hitzeabweisende Baumaterialien, Begr\u00fcnung (B\u00e4ume, Dach- und Fassadenbegr\u00fcnung), Jalousien, Markisen, \u00dcberdachungen, etc. Auch Solarpaneele auf dem Dach d\u00e4mmen gegen Hitze. L\u00fcften nur dann, wenn es drau\u00dfen k\u00fchler ist als drinnen. Wenn es im Geb\u00e4ude dennoch zu hei\u00df wird, k\u00fchlere Umgebungen suchen (Parks oder andere Orte mit B\u00e4umen, beschattete R\u00e4nder von Gew\u00e4ssern, Hinterh\u00f6fe, etc.). Wo vorhanden, die angebotenen \u00f6ffentlichen \u201cK\u00fchlen R\u00e4ume\u201d oder sonstige k\u00fchle \u00f6ffentliche Orte (Rathaus, Bibliothek, Kirchen, etc.) nutzen.<\/li>\n\n\n\n<li><strong>Vor Sonneneinstrahlung sch\u00fctzen.<\/strong><br>Sinnvoll sind helle Kopfbedeckungen und Sonnencremes mit hohem Lichtschutzfaktor, auch bei Aufenthalt im Schatten.<\/li>\n\n\n\n<li><strong>K\u00f6rperliche Belastung reduzieren.<\/strong><br>Aktivit\u00e4ten (vor allem Sport und anstrengende Arbeiten) m\u00f6glichst in die k\u00fchleren Morgen- und Abendstunden verlagern.<\/li>\n\n\n\n<li><strong>N\u00f6tigenfalls \u00e4rztlichen Rat zur Hitze-Vertr\u00e4glichkeit von Medikamenten einholen.<\/strong><\/li>\n\n\n\n<li><strong>Anderen helfen oder Hilfe in Anspruch nehmen.<\/strong><br>Nach dem Wohlergehen von vulnerablen Personen (\u00c4lteren, Menschen mit Vorerkrankungen, Schwangere, etc.) erkundigen und Hilfe anbieten (in Familie, Freundeskreis, Nachbarschaft). Evt. Engagement in Nachbarschaftshilfe oder sonstigen ehrenamtlichen Hilfsm\u00f6glichkeiten wie \u201cHitzepatenschaften\u201d. Vulnerable Personen selbst sollten nicht z\u00f6gern, Hilfsangebote zu suchen und zu nutzen.<\/li>\n\n\n\n<li><strong>Auch bei der Arbeit achtsam sein, besonders in Au\u00dfenberufen.<\/strong><br>F\u00fcr Menschen, die im Freien arbeiten, ist Schutz vor Hitze und Sonneneinstrahlung (durch Schatten, geeignete Kleidung, Kopfbedeckung, Sonnencreme) sowie ausreichendes Trinken besonders wichtig. Es braucht gen\u00fcgend Pausen. Gemeinsam mit den Arbeitgeber*innen sollte \u00fcber geeignete Ma\u00dfnahmen wie flexiblere Arbeitszeiten und n\u00f6tigenfalls \u201chitzefrei\u201d nachgedacht werden. F\u00fcr alle gilt: Der Arbeitsplatz sollte ausreichend k\u00fchl sein. Ansonsten kann arbeiten im Home-Office eine L\u00f6sung sein. Arbeitgeber*innen tragen eine Verantwortung f\u00fcr den Schutz ihrer Mitarbeitenden und sollten in dieser Hinsicht proaktiv t\u00e4tig werden.<\/li>\n\n\n\n<li><strong>Auch Tiere leiden unter Hitze.<\/strong><br>Haustiere sollten stets mit ausreichend Wasser versorgt sein und k\u00fchle, schattige Pl\u00e4tze zur Verf\u00fcgung haben. Auch f\u00fcr sie sollten Aktivit\u00e4ten (Gassi usw.) in die k\u00fchleren Morgen- und Abendstunden verlegt werden. Auch f\u00fcr Wildtiere wie V\u00f6gel und Insekten kann gesorgt werden durch das Aufstellen flacher Wasserschalen und das Bereitstellen schattiger R\u00fcckzugsorte. Was bei Hitze Menschen hilft, hilft in der Regel auch Tieren.<br><\/li>\n<\/ol>\n\n\n\n<h2 class=\"wp-block-heading\">Einige wichtige Antr\u00e4ge zu diesem Thema<\/h2>\n\n\n\n<ul class=\"wp-block-list\">\n<li>[noch ohne Drucksache] Gr\u00fcn und Blau am Bau \u2013 Klimawandelanpassung bei \u00f6ffentlichen Bauvorhaben<\/li>\n\n\n\n<li>[noch ohne Drucksache] B\u00e4ume statt Hitzeinseln: 100.000 gr\u00fcne Klimaanlagen f\u00fcr Bayern<\/li>\n\n\n\n<li><a href=\"https:\/\/www.bayern.landtag.de\/www\/ElanTextAblage_WP19\/Drucksachen\/Basisdrucksachen\/0000006000\/0000006280.pdf\">19\/7360 Trinkwasser f\u00fcr alle \u2013 Installation von barrierefreien Trinkwasserbrunnen und Refillstationen an allen staatlichen Einrichtungen mit Publikumsverkehr.<\/a><\/li>\n\n\n\n<li><a href=\"https:\/\/www.bayern.landtag.de\/www\/ElanTextAblage_WP19\/Drucksachen\/Basisdrucksachen\/0000006000\/0000006256.pdf\">19\/7292 [Dringlichkeitsantrag] Sonnenschutz und K\u00fchlung &#8211; Hitzeschutzma\u00dfnahmen in sozialen und \u00f6ffentlichen Einrichtungen jetzt!<\/a><\/li>\n\n\n\n<li><a href=\"https:\/\/www.bayern.landtag.de\/www\/ElanTextAblage_WP19\/Drucksachen\/Basisdrucksachen\/0000006000\/0000006207.pdf\">19\/7240 B\u00e4ume f\u00fcr Bayerns Kinder und Jugendliche: mehr Gr\u00fcn f\u00fcr Kita-G\u00e4rten und Schulh\u00f6fe<\/a><\/li>\n\n\n\n<li><a href=\"https:\/\/www.bayern.landtag.de\/www\/ElanTextAblage_WP19\/Drucksachen\/Basisdrucksachen\/0000006000\/0000006042.pdf\">19\/6983 Hitze-Notfallzentrum f\u00fcr Bayern &#8211; Koordination &#8222;K\u00fchler R\u00e4ume&#8220; und Hitzetelefon<\/a><\/li>\n\n\n\n<li><a href=\"https:\/\/www.bayern.landtag.de\/www\/ElanTextAblage_WP19\/Drucksachen\/Basisdrucksachen\/0000002000\/0000002298.pdf\">19\/2862 [Dringlichkeitsantrag] Hitzeschild 2030 f\u00fcr Bayern: Gr\u00fcne Schattenpl\u00e4tze statt grauer Hitzefallen!<\/a><\/li>\n\n\n\n<li><a href=\"https:\/\/www.bayern.landtag.de\/www\/ElanTextAblage_WP18\/Drucksachen\/Basisdrucksachen\/0000014500\/0000014852.pdf\">18\/23714 [Dringlichkeitsantrag] Bedrohung durch Hitze endlich ernst nehmen &#8211; Kommunen unterst\u00fctzen &#8211; Katastrophenschutz verbessern!<\/a><\/li>\n<\/ul>\n\n\n\n<h2 class=\"wp-block-heading\">Einige wichtige Pressemitteilungen zu diesem Thema<\/h2>\n\n\n\n<ul class=\"wp-block-list\">\n<li><a href=\"https:\/\/www.gruene-fraktion-bayern.de\/themen\/umwelt-natur\/schutz-fuer-kinder-kranke-und-pflegebeduerftige-in-bayern-vor-hitzefolgen\/\">02.07.25: Schutz f\u00fcr Kinder, Kranke und Pflegebed\u00fcrftige in Bayern vor Hitzefolgen<\/a><\/li>\n\n\n\n<li><a href=\"https:\/\/www.gruene-fraktion-bayern.de\/themen\/inneres-recht\/hitze-notfallzentrum-fuer-zivilbevoelkerung-hitzeschutz-fuer-einsatzkraefte\/\">25.06.25: Hitze-Notfallzentrum und besserer Hitzeschutz f\u00fcr Bayern n\u00f6tig!<\/a><\/li>\n\n\n\n<li><a href=\"https:\/\/www.gruene-fraktion-bayern.de\/themen\/umwelt-natur\/bayern-braucht-einen-hitzeschild\/\">17.07.24: Bayern braucht einen Hitzeschild!<\/a><\/li>\n\n\n\n<li><a href=\"https:\/\/www.gruene-fraktion-bayern.de\/themen\/umwelt-natur\/2022\/bayern-aechzt-unter-der-hitze-kommunen-endlich-unterstuetzen\/\">20.07.22: Bayern \u00e4chzt unter der Hitze: Kommunen endlich unterst\u00fctzen!<\/a><\/li>\n\n\n\n<li><a href=\"https:\/\/www.gruene-fraktion-bayern.de\/themen\/umwelt-natur\/2021\/sofortprogramm-fuer-starkregenvorsorge-und-extrem-hitze-schutz\/\">22.07.21: Sofortprogramm f\u00fcr Starkregenvorsorge und Extrem-Hitze-Schutz<\/a><\/li>\n<\/ul>\n\n\n\n<p>Ausgearbeitet von: Christian Bauer, Regina Reiter und Patrick Friedl \u2013 Juli 2025<\/p>\n\n\n\n<p>Hier das Info-Papier zu Hitzeschutz und K\u00fchlung in G\u00e4nze:<\/p>\n\n\n\n<div data-wp-interactive=\"core\/file\" class=\"wp-block-file\"><object data-wp-bind--hidden=\"!state.hasPdfPreview\" hidden class=\"wp-block-file__embed\" data=\"https:\/\/patrick-friedl.de\/wps\/wp-content\/uploads\/2025\/07\/Info-Papier-Klimaanpassung_Hitzeschutz-und-Kuehlung.pdf\" type=\"application\/pdf\" style=\"width:100%;height:600px\" aria-label=\"Einbettung von Info-Papier Klimaanpassung_Hitzeschutz und Ku\u0308hlung.\"><\/object><a id=\"wp-block-file--media-771a1137-1ae2-478b-836f-93b4f8105140\" href=\"https:\/\/patrick-friedl.de\/wps\/wp-content\/uploads\/2025\/07\/Info-Papier-Klimaanpassung_Hitzeschutz-und-Kuehlung.pdf\">Info-Papier Klimaanpassung_Hitzeschutz und Ku\u0308hlung<\/a><a href=\"https:\/\/patrick-friedl.de\/wps\/wp-content\/uploads\/2025\/07\/Info-Papier-Klimaanpassung_Hitzeschutz-und-Kuehlung.pdf\" class=\"wp-block-file__button wp-element-button\" download aria-describedby=\"wp-block-file--media-771a1137-1ae2-478b-836f-93b4f8105140\">Herunterladen<\/a><\/div>\n","protected":false},"excerpt":{"rendered":"<p>\u201eHitze t\u00f6tet \u2013 Zeit f\u00fcr eine Politik, die sch\u00fctzt!\u201c Wir alle sp\u00fcren die Folgen der Klimakrise: Die Sommer werden hei\u00dfer, Hitzewellen h\u00e4ufiger. Wir m\u00fcssen schnell und gezielt handeln, um f\u00fcr [&hellip;]<\/p>\n","protected":false},"author":-1,"featured_media":2093,"comment_status":"closed","ping_status":"closed","sticky":false,"template":"","format":"standard","meta":{"footnotes":""},"categories":[8,3],"tags":[],"class_list":["post-2092","post","type-post","status-publish","format-standard","has-post-thumbnail","hentry","category-klimaanpassung","category-landtag"],"_links":{"self":[{"href":"https:\/\/patrick-friedl.de\/wps\/wp-json\/wp\/v2\/posts\/2092","targetHints":{"allow":["GET"]}}],"collection":[{"href":"https:\/\/patrick-friedl.de\/wps\/wp-json\/wp\/v2\/posts"}],"about":[{"href":"https:\/\/patrick-friedl.de\/wps\/wp-json\/wp\/v2\/types\/post"}],"author":[{"embeddable":true,"href":"https:\/\/patrick-friedl.de\/wps\/wp-json\/wp\/v2\/users\/8"}],"replies":[{"embeddable":true,"href":"https:\/\/patrick-friedl.de\/wps\/wp-json\/wp\/v2\/comments?post=2092"}],"version-history":[{"count":3,"href":"https:\/\/patrick-friedl.de\/wps\/wp-json\/wp\/v2\/posts\/2092\/revisions"}],"predecessor-version":[{"id":2135,"href":"https:\/\/patrick-friedl.de\/wps\/wp-json\/wp\/v2\/posts\/2092\/revisions\/2135"}],"wp:featuredmedia":[{"embeddable":true,"href":"https:\/\/patrick-friedl.de\/wps\/wp-json\/wp\/v2\/media\/2093"}],"wp:attachment":[{"href":"https:\/\/patrick-friedl.de\/wps\/wp-json\/wp\/v2\/media?parent=2092"}],"wp:term":[{"taxonomy":"category","embeddable":true,"href":"https:\/\/patrick-friedl.de\/wps\/wp-json\/wp\/v2\/categories?post=2092"},{"taxonomy":"post_tag","embeddable":true,"href":"https:\/\/patrick-friedl.de\/wps\/wp-json\/wp\/v2\/tags?post=2092"}],"curies":[{"name":"wp","href":"https:\/\/api.w.org\/{rel}","templated":true}]}}