{"id":208,"date":"2020-03-28T16:13:35","date_gmt":"2020-03-28T16:13:35","guid":{"rendered":"https:\/\/patrick-friedl.de\/wps\/2020\/03\/28\/wahlkreisbuero\/"},"modified":"2020-03-28T16:13:35","modified_gmt":"2020-03-28T16:13:35","slug":"wahlkreisbuero","status":"publish","type":"post","link":"https:\/\/patrick-friedl.de\/wps\/2020\/03\/28\/wahlkreisbuero\/","title":{"rendered":"Wahlkreisb\u00fcro"},"content":{"rendered":"<h4><strong><a href=\"index.php?option=com_contact&amp;view=contact&amp;id=2&amp;catid=40\">Wahlkreisb\u00fcro W\u00fcrzburg<\/a><\/strong><\/h4>\n<p>Textorstra\u00dfe 14<br \/> 97070 W\u00fcrzburg<br \/> Telefon: 0931-40470792<br \/> Telefax: 0931-40470791<\/p>\n<p>E-Mail: <a href=\"#\" data-unscramble=\"ed.ldeirf-kcirtap@grubzreuw\">wuerzburg@patrick-friedl.de<\/a><\/p>\n","protected":false},"excerpt":{"rendered":"<p>Wahlkreisb\u00fcro W\u00fcrzburg Textorstra\u00dfe 14 97070 W\u00fcrzburg Telefon: 0931-40470792 Telefax: 0931-40470791 E-Mail: wuerzburg@patrick-friedl.de<\/p>\n","protected":false},"author":-1,"featured_media":0,"comment_status":"open","ping_status":"open","sticky":false,"template":"","format":"standard","meta":{"footnotes":""},"categories":[39],"tags":[],"class_list":["post-208","post","type-post","status-publish","format-standard","hentry","category-kontakt"],"_links":{"self":[{"href":"https:\/\/patrick-friedl.de\/wps\/wp-json\/wp\/v2\/posts\/208","targetHints":{"allow":["GET"]}}],"collection":[{"href":"https:\/\/patrick-friedl.de\/wps\/wp-json\/wp\/v2\/posts"}],"about":[{"href":"https:\/\/patrick-friedl.de\/wps\/wp-json\/wp\/v2\/types\/post"}],"author":[{"embeddable":true,"href":"https:\/\/patrick-friedl.de\/wps\/wp-json\/wp\/v2\/users\/1"}],"replies":[{"embeddable":true,"href":"https:\/\/patrick-friedl.de\/wps\/wp-json\/wp\/v2\/comments?post=208"}],"version-history":[{"count":0,"href":"https:\/\/patrick-friedl.de\/wps\/wp-json\/wp\/v2\/posts\/208\/revisions"}],"wp:attachment":[{"href":"https:\/\/patrick-friedl.de\/wps\/wp-json\/wp\/v2\/media?parent=208"}],"wp:term":[{"taxonomy":"category","embeddable":true,"href":"https:\/\/patrick-friedl.de\/wps\/wp-json\/wp\/v2\/categories?post=208"},{"taxonomy":"post_tag","embeddable":true,"href":"https:\/\/patrick-friedl.de\/wps\/wp-json\/wp\/v2\/tags?post=208"}],"curies":[{"name":"wp","href":"https:\/\/api.w.org\/{rel}","templated":true}]}}