{"id":207,"date":"2020-03-28T16:12:35","date_gmt":"2020-03-28T16:12:35","guid":{"rendered":"https:\/\/patrick-friedl.de\/wps\/2020\/03\/28\/landtagsbuero\/"},"modified":"2020-03-28T16:12:35","modified_gmt":"2020-03-28T16:12:35","slug":"landtagsbuero","status":"publish","type":"post","link":"https:\/\/patrick-friedl.de\/wps\/2020\/03\/28\/landtagsbuero\/","title":{"rendered":"Landtagsb\u00fcro"},"content":{"rendered":"<h4><strong><a href=\"index.php?option=com_contact&amp;view=contact&amp;id=4&amp;catid=40\">Landtagsb\u00fcro M\u00fcnchen<\/a><\/strong><\/h4>\n<p>Maximilianeum<br \/> 81627 M\u00fcnchen<br \/> Telefon: 089\/4126-2451<br \/>\u00a0<\/p>\n<p>E-Mail: <a href=\"#\" data-unscramble=\"ed.nreyab-noitkarf-eneurg@ldeirf.kcirtap\">patrick.friedl@gruene-fraktion-bayern.de<\/a><br \/> <a href=\"http:\/\/www.gruene-fraktion-bayern.de\/\">www.gruene-fraktion-bayern.de<\/a><\/p>\n","protected":false},"excerpt":{"rendered":"<p>Landtagsb\u00fcro M\u00fcnchen Maximilianeum 81627 M\u00fcnchen Telefon: 089\/4126-2451\u00a0 E-Mail: patrick.friedl@gruene-fraktion-bayern.de www.gruene-fraktion-bayern.de<\/p>\n","protected":false},"author":-1,"featured_media":0,"comment_status":"open","ping_status":"open","sticky":false,"template":"","format":"standard","meta":{"footnotes":""},"categories":[39],"tags":[],"class_list":["post-207","post","type-post","status-publish","format-standard","hentry","category-kontakt"],"_links":{"self":[{"href":"https:\/\/patrick-friedl.de\/wps\/wp-json\/wp\/v2\/posts\/207","targetHints":{"allow":["GET"]}}],"collection":[{"href":"https:\/\/patrick-friedl.de\/wps\/wp-json\/wp\/v2\/posts"}],"about":[{"href":"https:\/\/patrick-friedl.de\/wps\/wp-json\/wp\/v2\/types\/post"}],"author":[{"embeddable":true,"href":"https:\/\/patrick-friedl.de\/wps\/wp-json\/wp\/v2\/users\/1"}],"replies":[{"embeddable":true,"href":"https:\/\/patrick-friedl.de\/wps\/wp-json\/wp\/v2\/comments?post=207"}],"version-history":[{"count":0,"href":"https:\/\/patrick-friedl.de\/wps\/wp-json\/wp\/v2\/posts\/207\/revisions"}],"wp:attachment":[{"href":"https:\/\/patrick-friedl.de\/wps\/wp-json\/wp\/v2\/media?parent=207"}],"wp:term":[{"taxonomy":"category","embeddable":true,"href":"https:\/\/patrick-friedl.de\/wps\/wp-json\/wp\/v2\/categories?post=207"},{"taxonomy":"post_tag","embeddable":true,"href":"https:\/\/patrick-friedl.de\/wps\/wp-json\/wp\/v2\/tags?post=207"}],"curies":[{"name":"wp","href":"https:\/\/api.w.org\/{rel}","templated":true}]}}