{"id":203,"date":"2020-02-14T11:11:58","date_gmt":"2020-02-14T11:11:58","guid":{"rendered":"https:\/\/patrick-friedl.de\/wps\/2020\/02\/14\/klassensprecher-innen-besuchen-mdl-patrick-friedl-im-bayerischen-landtag\/"},"modified":"2020-02-14T11:11:58","modified_gmt":"2020-02-14T11:11:58","slug":"klassensprecher-innen-besuchen-mdl-patrick-friedl-im-bayerischen-landtag","status":"publish","type":"post","link":"https:\/\/patrick-friedl.de\/wps\/2020\/02\/14\/klassensprecher-innen-besuchen-mdl-patrick-friedl-im-bayerischen-landtag\/","title":{"rendered":"Klassensprecher*innen besuchen MdL Patrick Friedl im Bayerischen Landtag"},"content":{"rendered":"<img loading=\"lazy\" decoding=\"async\" class=\" size-full wp-image-202\" src=\"http:\/\/patrick-friedl.de\/wps\/wp-content\/uploads\/2020\/02\/thumbnail_Foto_Rntgen-Gymnasium_im_Landtag_mit_MdL_Friedl.jpg\" alt=\"Klassensprecher*innen des R\u00f6ntgen-Gymnasiums im Bayerischen Landtag\" class=\"caption\" title=\"Klassensprecher*innen des R\u00f6ntgen-Gymnasiums im Bayerischen Landtag\" width=\"1280\" height=\"960\" srcset=\"https:\/\/patrick-friedl.de\/wps\/wp-content\/uploads\/2020\/02\/thumbnail_Foto_Rntgen-Gymnasium_im_Landtag_mit_MdL_Friedl.jpg 1280w, https:\/\/patrick-friedl.de\/wps\/wp-content\/uploads\/2020\/02\/thumbnail_Foto_Rntgen-Gymnasium_im_Landtag_mit_MdL_Friedl-300x225.jpg 300w, https:\/\/patrick-friedl.de\/wps\/wp-content\/uploads\/2020\/02\/thumbnail_Foto_Rntgen-Gymnasium_im_Landtag_mit_MdL_Friedl-1024x768.jpg 1024w, https:\/\/patrick-friedl.de\/wps\/wp-content\/uploads\/2020\/02\/thumbnail_Foto_Rntgen-Gymnasium_im_Landtag_mit_MdL_Friedl-768x576.jpg 768w\" sizes=\"auto, (max-width: 1280px) 100vw, 1280px\" \/>\n<p><span style=\"font-size: 10pt;\"><strong>MDL Patrick Friedl bekam Besuch von den Klassensprecher*innen des R\u00f6ntgen-Gymnasiums W\u00fcrzburg<\/strong><\/span><\/p>\n<p>Knapp 50 Sch\u00fcler*innen und Lehrkr\u00e4fte der 5. bis zur 10. Jahrgangsstufe des W\u00fcrzburger R\u00f6ntgen-Gymnasiums besuchten auf Einladung des Landtagsabgeordneten Patrick Friedl Anfang Februar den Bayerischen Landtag.<\/p>\n<p>Als \u201eein Treffen von Gew\u00e4hlten\u201c bezeichnete der direkt gew\u00e4hlte W\u00fcrzburger MdL Patrick Friedl den Besuch der Sch\u00fcler*innen im Landtag. Bei den Teilnehmenden handelte es sich n\u00e4mlich um die Klassensprecher*innen des R\u00f6ntgen-Gymnasiums. So wie er selbst von den W\u00fcrzburger, Gerbrunner und Rottendorfer B\u00fcrger*innen in den Landtag gew\u00e4hlt worden sei, so seien auch die Klassensprecher*innen von ihren Mitsch\u00fcler*innen gew\u00e4hlt worden, um deren Interessen im Schulalltag zu vertreten. Auch um diese besondere Form des pers\u00f6nlichen Engagements anzuerkennen, hat Patrick Friedl die Klassensprecher*innen zusammen mit ihren Lehrkr\u00e4ften zu einem Besuch in den Bayerischen Landtag eingeladen. In der Regel er\u00f6ffnet jeder Abgeordnete zweimal im Jahr einer Besuchergruppe die Chance, einen Einblick in die Abl\u00e4ufe im Bayerischen Landtag gewinnen zu k\u00f6nnen, so auch Friedl. \u201eEs ist f\u00fcr die Menschen eine gute Gelegenheit zu sehen, was ihre Abgeordneten so machen\u201c, sagt Friedl. H\u00f6hepunkte sind f\u00fcr ihn die gern genutzte M\u00f6glichkeit den Abgeordneten konkrete Fragen zu stellen, eine Plenarsitzung live zu erleben und einen Blick auf die parlamentarische Arbeit zu werfen.<\/p>\n<p><!--more--><\/p>\n<p>Organisiert werden die Fahrten von Friedls W\u00fcrzburger Wahlkreisb\u00fcro. Die beiden Wahlkreismitarbeiter*innen Theresa M\u00fchleck und Hans-Dieter Wolf begleiteten die Gruppe in den Bayerischen Landtag. Die Sch\u00fcler*innen und Lehrkr\u00e4fte versammelten sich um sieben Uhr vor dem R\u00f6ntgengymnasium und starteten nach M\u00fcnchen. Auf dem Programm stand zun\u00e4chst ein gemeinsames Mittagessen zusammen mit MdL Friedl in der Landtagsgastst\u00e4tte. Anschlie\u00dfend lieferte ein unterhaltsamer Kurzfilm erste Informationen zum Aufbau und den Aufgaben des Bayerischen Landtags. Dann ging es eine Stunde auf die Trib\u00fcne des Landtags. Dort konnten die Teilnehmenden eine Plenardebatte verfolgen. In einer abschlie\u00dfenden Besprechung nahmen sich Patrick Friedl und seine Abgeordnetenkollegin Kerstin Celina noch eineinhalb Stunden Zeit f\u00fcr alle Fragen der Sch\u00fcler*innen.<\/p>\n<p>Die Bandbreite der Fragen reichte hier von ganz grunds\u00e4tzlichen Dingen, \u00fcber das aktuelle Tagesgeschehen bis hin zu Anliegen, die die Sch\u00fcler*innen pers\u00f6nlich besch\u00e4ftigen. So wurde etwa die Problematik Faschismus in der heutigen Gesellschaft angesprochen und woran es liege, dass dieser nicht von allen Seiten umfassend bek\u00e4mpft werde. Auch der aktuell stattfindende Brexit war selbstverst\u00e4ndlich Gegenstand der Diskussion. Hier interessierte die Sch\u00fcler*innen vor allem, welche Position Patrick Friedl und Kerstin Celina denn selbst zum Austritt Gro\u00dfbritanniens aus der EU vertreten. Deutlich wurde, dass Umweltschutz und der eigene Beitrag zu mehr Nachhaltigkeit Themen sind, die aktuell viele Jugendliche besch\u00e4ftigen. So erkundigten sich die Sch\u00fcler*innen bei den beiden Abgeordneten, was sie denn privat unternehmen w\u00fcrden, um m\u00f6glichst nachhaltig zu leben. Auch kritische Nachfragen wurden hier gestellt, so wollten die Sch\u00fcler*innen beispielsweise wissen, ob es denn \u00f6kologisch sei, wenn man, wie Patrick Friedl ein Pedelec fahren w\u00fcrde.<\/p>\n<p>\u201eMit Sch\u00fcler*innen ins Gespr\u00e4ch zu kommen ist mir sehr wichtig und macht mir auch gro\u00dfen Spa\u00df\u201c, so Friedl. Die Diskussion mit den Klassensprecher*innen des R\u00f6ntgen-Gymnasiums sei durch die vielen fundierten und interessanten Fragen f\u00fcr ihn sehr anregend gewesen.<\/p>\n<p>Die zweite Fahrt in diesem Jahr findet am Donnerstag, 8. Oktober statt. Wer Interesse hat, daran oder an einer sp\u00e4teren Landtagsfahrt teilzunehmen, kann sein Interesse melden unter: <a href=\"#\" data-unscramble=\"ed.nreyab-noitkarf-eneurg@ldeirf.oreubsierklhaw\">wahlkreisbuero.friedl@gruene-fraktion-bayern.de<\/a><\/p>\n<p>\u00a0<\/p>\n","protected":false},"excerpt":{"rendered":"<p>MDL Patrick Friedl bekam Besuch von den Klassensprecher*innen des R\u00f6ntgen-Gymnasiums W\u00fcrzburg Knapp 50 Sch\u00fcler*innen und Lehrkr\u00e4fte der 5. bis zur 10. Jahrgangsstufe des W\u00fcrzburger R\u00f6ntgen-Gymnasiums besuchten auf Einladung des Landtagsabgeordneten [&hellip;]<\/p>\n","protected":false},"author":-1,"featured_media":202,"comment_status":"open","ping_status":"open","sticky":false,"template":"","format":"standard","meta":{"footnotes":""},"categories":[19],"tags":[],"class_list":["post-203","post","type-post","status-publish","format-standard","has-post-thumbnail","hentry","category-wuerzburg-landtagsabgeordneter"],"_links":{"self":[{"href":"https:\/\/patrick-friedl.de\/wps\/wp-json\/wp\/v2\/posts\/203","targetHints":{"allow":["GET"]}}],"collection":[{"href":"https:\/\/patrick-friedl.de\/wps\/wp-json\/wp\/v2\/posts"}],"about":[{"href":"https:\/\/patrick-friedl.de\/wps\/wp-json\/wp\/v2\/types\/post"}],"author":[{"embeddable":true,"href":"https:\/\/patrick-friedl.de\/wps\/wp-json\/wp\/v2\/users\/1"}],"replies":[{"embeddable":true,"href":"https:\/\/patrick-friedl.de\/wps\/wp-json\/wp\/v2\/comments?post=203"}],"version-history":[{"count":0,"href":"https:\/\/patrick-friedl.de\/wps\/wp-json\/wp\/v2\/posts\/203\/revisions"}],"wp:featuredmedia":[{"embeddable":true,"href":"https:\/\/patrick-friedl.de\/wps\/wp-json\/wp\/v2\/media\/202"}],"wp:attachment":[{"href":"https:\/\/patrick-friedl.de\/wps\/wp-json\/wp\/v2\/media?parent=203"}],"wp:term":[{"taxonomy":"category","embeddable":true,"href":"https:\/\/patrick-friedl.de\/wps\/wp-json\/wp\/v2\/categories?post=203"},{"taxonomy":"post_tag","embeddable":true,"href":"https:\/\/patrick-friedl.de\/wps\/wp-json\/wp\/v2\/tags?post=203"}],"curies":[{"name":"wp","href":"https:\/\/api.w.org\/{rel}","templated":true}]}}