{"id":196,"date":"2020-03-27T11:08:00","date_gmt":"2020-03-27T11:08:00","guid":{"rendered":"https:\/\/patrick-friedl.de\/wps\/2020\/03\/27\/corona-virus\/"},"modified":"2020-03-27T11:08:00","modified_gmt":"2020-03-27T11:08:00","slug":"corona-virus","status":"publish","type":"post","link":"https:\/\/patrick-friedl.de\/wps\/2020\/03\/27\/corona-virus\/","title":{"rendered":"Corona &#8211; Virus"},"content":{"rendered":"<h3><strong>Wie kann ich mich selbst und andere sch\u00fctzen?<\/strong><\/h3>\n<h4><strong>Die wichtigsten Hygienetipps<\/strong><\/h4>\n<ul>\n<li>\n<p>Niesen oder Husten in die Armbeuge oder ein Taschentuch \u2013 das Taschentuch anschlie\u00dfend in einem M\u00fclleimer mit Deckel entsorgen<\/p>\n<\/li>\n<li>\n<p>H\u00e4nde vom Gesicht fernhalten \u2013 vermeiden, Mund, Augen oder Nase zu ber\u00fchren<\/p>\n<\/li>\n<li>\n<p>Ausreichend Abstand zu Mitmenschen halten \u2013 mindestens 1,5 Meter<\/p>\n<\/li>\n<li>\n<p>Ber\u00fchrungen vermeiden \u2013 z.B. H\u00e4ndesch\u00fctteln und Umarmungen<\/p>\n<\/li>\n<li>\n<p>Regelm\u00e4\u00dfig und mindestens 20 Sekunden mit Seife und warmen Wasser H\u00e4nde waschen \u2013 insbesondere nach Naseputzen, Niesen, Husten oder Einkaufen, vor Mahlzeiten oder Kochen. Darauf achten, alle Fl\u00e4chen an der Hand zu erreichen (auch Daumen, Fingerzwischenr\u00e4ume und Fingerspitzen).<\/p>\n<\/li>\n<\/ul>\n<p>Quelle und mehr auf <a href=\"https:\/\/www.infektionsschutz.de\/\" target=\"_blank\" rel=\"noopener noreferrer\">www.infektionsschutz.de<\/a> (auch Informationen in anderen Sprachen und leichter Sprache)<\/p>\n<h3>\u00a0<\/h3>\n<h3><strong>An wen kann ich mich wenden, wenn meine Angeh\u00f6rigen oder ich selbst Hilfe ben\u00f6tigen?<\/strong><\/h3>\n<h4><strong>Hotlines <\/strong><\/h4>\n<ul>\n<li>\n<p><strong>Hotline der Kassen\u00e4rzte 116 117<\/strong><\/p>\n<\/li>\n<li>\n<p>Hotline des bayerischen Gesundheitsamtes f\u00fcr Fragen <strong>09131 \/ 680 851 01<\/strong><\/p>\n<\/li>\n<li>Corona-Hotline der Staatsregierung (t\u00e4glich 8 bis 18 Uhr):<strong> 089 \/ 122 220<\/strong><\/li>\n<li>\n<p>Hotline f\u00fcr Seniorinnen und Senioren gegen Einsamkeit &#8211; Silbertelefon t\u00e4glich von 8 bis 22 Uhr <strong>0800 \/ 470 80 90<\/strong> <br \/> Anonymer und kostenloser Telefonservice f\u00fcr Seniorinnen und Senioren, die von Einsamkeit betroffen sind. Wegen der Krise bundesweit freigeschaltet.<\/p>\n<\/li>\n<li>\n<p>Kostenloses Seelsorgetelefon (24h am Tag erreichbar) <strong>0800 \/ 111 0 111<\/strong> oder <strong>0800 \/ 111 0 222<br \/>&#8230; <\/strong>oder <strong>116 123<\/strong><\/p>\n<\/li>\n<\/ul>\n<h3>\u00a0<\/h3>\n<h3><strong>Informationen und Hilfe in der Region<\/strong><\/h3>\n<p>\u00a0<\/p>\n<h4><strong>W\u00fcrzburg <\/strong><\/h4>\n<p>\u00a0<\/p>\n<ul>\n<li>\n<p>Hotline f\u00fcr Seniorinnen und Senioren sowie f\u00fcr hilfsbed\u00fcrftige Menschen von Montag bis Freitag 8 bis 16 Uhr <strong>0931 \/ 373510<\/strong><\/p>\n<\/li>\n<li>\n<p><a href=\"https:\/\/wuenet.org\/\" target=\"_blank\" rel=\"noopener noreferrer\">Virtueller Senioren-Stammtisch <strong>t\u00e4glich von 14 bis 14.45 Uhr<\/strong> <\/a><br \/> Weitere Infos zum Stammtisch <a href=\"https:\/\/wuenet.org\/der-virtuelle-stammtisch-nimmt-langsam-fahrt-auf\/\" target=\"_blank\" rel=\"noopener noreferrer\">hier<\/a>.<\/p>\n<\/li>\n<li>Teilhabeberatung EUTB W\u00fcSL\u00a0 <strong>0931 \/ 50456<\/strong>Alle EUTB-Stellen im \u00dcberblick: <a href=\"https:\/\/eutb.wuesl.de\/eutb-wuerzburg\/\" target=\"_blank\" rel=\"noopener noreferrer\">https:\/\/eutb.wuesl.de\/eutb-wuerzburg\/<\/a>\n<ul>\n<li>kostenfreies Beratungsangebot f\u00fcr Menschen mit Behinderungen, chronischen Erkrankungen, von Behinderung bedrohten Menschen und deren Angeh\u00f6rigen, Freunde und Bezugspersonen<\/li>\n<\/ul>\n<\/li>\n<li>Netzwerk &#8222;Mainpost verbindet&#8220;: kostenloses Angebot f\u00fcr Nachbarschaftshilfe: <a href=\"https:\/\/www.mpverbindet.de\/nachbarschaftshilfe\/helferliste\/\" target=\"_blank\" rel=\"noopener noreferrer\">https:\/\/www.mpverbindet.de\/nachbarschaftshilfe\/helferliste\/ <\/a>\n<\/li>\n<li>Corona-Informationen der <a href=\"https:\/\/www.wuerzburg.de\/coronainfo\/startseite\/aktuelle-meldungen\/index.html\">Stadt W\u00fcrzburg<br \/><\/a><\/li>\n<li>Informationen auf <a href=\"https:\/\/wuerzburgwiki.de\/wiki\/COVID-19-Pandemie_in_Stadt_und_Landkreis_W%C3%BCrzburg?fbclid=IwAR1e0_XWMto-bweJyctyI38ZnjNF9UACmiUEJNaV4F1QYHCq2Qs4zGLle8s\">W\u00fcrzburg-Wiki zu Covid 19<br \/><\/a><\/li>\n<li>Corona-Informationen des <a href=\"https:\/\/www.landkreis-wuerzburg.de\/Coronavirus\">Gesundheitsamtes W\u00fcrzburg<br \/><\/a><\/li>\n<li><strong>Einkaufsservice: <\/strong>Die <strong>Malteser<\/strong> bieten einen kostenlosen Einkaufsservice oder Abholung von Medikamenten f\u00fcr \u00c4ltere und Kranke <strong>0700 \/ 62583737<\/strong><\/li>\n<\/ul>\n<p>Wer \u00e4lter als 65 Jahre ist und\/oder wegen einer Vorerkrankung zur Risikogruppe geh\u00f6rt, kann den Dienst in Anspruch nehmen. Der Einkauf wird am Telefon besprochen und pers\u00f6nlicher Kontakt vermieden. Die Bezahlung erfolgt ausschlie\u00dflich bar.<\/p>\n<p><a href=\"https:\/\/forms.office.com\/Pages\/ResponsePage.aspx?id=pfYNesk13EuuSJyYGk1VWUeYD3i28IZNuhvUaZP4XFFUM0ROMFJYT1VLR1pCVTNSRTBUM1JXQkRJNyQlQCN0PWcu\" target=\"_blank\" rel=\"noopener noreferrer\">Hilfewillige k\u00f6nnen sich hier melden.<\/a><\/p>\n<ul>\n<li>\n<p>Einkaufsfahrten des <strong>Bayerischen Roten Kreuzes<\/strong> <strong>08000 \/ 275 275<\/strong><\/p>\n<\/li>\n<\/ul>\n<p>Der Fahrer stellt den Einkauf vor der T\u00fcr ab und klingelt, es findet kein direkter Kontakt statt, um das Ansteckungsrisiko zu minimieren. Die Rechnung folgt auf dem Postweg oder per Lastschrift.<\/p>\n<p><strong>Gef\u00e4rdeten- und Obdachlosenhilfe<\/strong><\/p>\n<ul style=\"list-style-type: disc;\">\n<li>Tafel W\u00fcrzburg: 0931 \/ 3229436<\/li>\n<li>Bahnhofsmission, 24 Stunden \u00fcber das Notfalltelefon erreichbar: 0931 \/ 730 488 00<\/li>\n<li>W\u00e4rmestube: 0931 \/ 15023<\/li>\n<li>Versorgung f\u00fcr Menschen ohne Krankenversicherung: 0160 \/ 916 610 78<\/li>\n<li>Drogenberatungsstelle: 0931 \/ 59056<\/li>\n<li>Brunhilde-Schmitt-Haus <br \/>Wallgasse 3, 97070 W\u00fcrzburg<br \/>Kurzzeit\u00fcbernachtung f\u00fcr M\u00e4nner<br \/>&#8211;&gt; \u00d6ffnungszeiten: t\u00e4glich ab 18:00<br \/>Einzelbelegung je Mehrbettzimmer<br \/>Telefon 0931 \/ 3210 216 und 0931 \/ 3210 225<\/li>\n<li>Beratungsstelle f\u00fcr Strafentlassene: 0931 \/ 321 021 8<\/li>\n<li>Migrationsberatung \/ Jugendmigrationsdienst: 0931 \/ 354 01 18 oder 0931 \/ 354 01 19<\/li>\n<\/ul>\n<h3>\u00a0<\/h3>\n<h3><a href=\"https:\/\/www.rki.de\/DE\/Content\/InfAZ\/N\/Neuartiges_Coronavirus\/nCoV.html\" target=\"_blank\" rel=\"noopener noreferrer\">Informationen zu Symptomatik, Infektionsschutz und Diagnostik vom Robert-Koch-Institut.<\/a><\/h3>\n<p>\u00a0<\/p>\n<p><strong>CORONA-HOTLINE 09131 \/ 6808-5101 <\/strong><\/p>\n<ul>\n<li>\n<p>auch Rufnummer <strong>116 117 oder <a href=\"http:\/\/www.116117.de\/\" target=\"_blank\" rel=\"noopener noreferrer\">116117.de<\/a><\/strong> k\u00f6nnen weiterhelfen<\/p>\n<\/li>\n<li>\n<p>auf <strong>keinen Fall<\/strong> Arztpraxis aufsuchen, erst anrufen!<\/p>\n<\/li>\n<\/ul>\n<h3>\u00a0<\/h3>\n<h3>Wo sind Risikogebiete?<\/h3>\n<p><a href=\"https:\/\/experience.arcgis.com\/experience\/478220a4c454480e823b17327b2bf1d4\" target=\"_blank\" rel=\"noopener noreferrer\">COVID-19 Dashboard des Robert-Koch-Instituts: Fallzahlen nach Bundesland; t\u00e4glich aktualisiert<\/a><\/p>\n<p>\u00a0<\/p>\n","protected":false},"excerpt":{"rendered":"<p>Wie kann ich mich selbst und andere sch\u00fctzen? Die wichtigsten Hygienetipps Niesen oder Husten in die Armbeuge oder ein Taschentuch \u2013 das Taschentuch anschlie\u00dfend in einem M\u00fclleimer mit Deckel entsorgen [&hellip;]<\/p>\n","protected":false},"author":-1,"featured_media":0,"comment_status":"open","ping_status":"open","sticky":false,"template":"","format":"standard","meta":{"footnotes":""},"categories":[30],"tags":[],"class_list":["post-196","post","type-post","status-publish","format-standard","hentry","category-corona"],"_links":{"self":[{"href":"https:\/\/patrick-friedl.de\/wps\/wp-json\/wp\/v2\/posts\/196","targetHints":{"allow":["GET"]}}],"collection":[{"href":"https:\/\/patrick-friedl.de\/wps\/wp-json\/wp\/v2\/posts"}],"about":[{"href":"https:\/\/patrick-friedl.de\/wps\/wp-json\/wp\/v2\/types\/post"}],"author":[{"embeddable":true,"href":"https:\/\/patrick-friedl.de\/wps\/wp-json\/wp\/v2\/users\/1"}],"replies":[{"embeddable":true,"href":"https:\/\/patrick-friedl.de\/wps\/wp-json\/wp\/v2\/comments?post=196"}],"version-history":[{"count":0,"href":"https:\/\/patrick-friedl.de\/wps\/wp-json\/wp\/v2\/posts\/196\/revisions"}],"wp:attachment":[{"href":"https:\/\/patrick-friedl.de\/wps\/wp-json\/wp\/v2\/media?parent=196"}],"wp:term":[{"taxonomy":"category","embeddable":true,"href":"https:\/\/patrick-friedl.de\/wps\/wp-json\/wp\/v2\/categories?post=196"},{"taxonomy":"post_tag","embeddable":true,"href":"https:\/\/patrick-friedl.de\/wps\/wp-json\/wp\/v2\/tags?post=196"}],"curies":[{"name":"wp","href":"https:\/\/api.w.org\/{rel}","templated":true}]}}