{"id":195,"date":"2020-02-17T15:22:59","date_gmt":"2020-02-17T15:22:59","guid":{"rendered":"https:\/\/patrick-friedl.de\/wps\/2020\/02\/17\/landtag-stellt-eichenzentrum-in-frage\/"},"modified":"2020-02-17T15:22:59","modified_gmt":"2020-02-17T15:22:59","slug":"landtag-stellt-eichenzentrum-in-frage","status":"publish","type":"post","link":"https:\/\/patrick-friedl.de\/wps\/2020\/02\/17\/landtag-stellt-eichenzentrum-in-frage\/","title":{"rendered":"Landtag stellt Eichenzentrum in Frage"},"content":{"rendered":"<p>W\u00fcrzburg, 23.01.2020<\/p>\n<p><span style=\"font-size: 10pt;\">Im August besuchte der Gr\u00fcne MdL mit Fachleuten und interessierten G\u00e4sten den Spessart. Vor Ort machte sich die Gruppe u.a. ein Bild vom nach wie vor umstrittenen Eichenzentrum, welches im Hafenlohrtal entstehen sollte und gegen dessen Verwirklichung Umweltsch\u00fctzer und regionale Vereine von Anfang gek\u00e4mpft haben.<\/span><\/p>\n<p>(Den kompletten Bericht zum Tag im Spessart lesen Sie bitte <a href=\"index.php\/3-aktuell\/aktuell2\/320-ein-tag-im-spessart-mit-vollem-programm\">[hier]<\/a>)<\/p>\n<p><span style=\"font-size: 10pt;\">Nun scheint der Widerstand Erfolg zu haben. Aufgrund einer Petition des Vereins &#8222;Freunde des Spessarts&#8220; stellte der Landtag die bisherigen Pl\u00e4ne f\u00fcr das Eichenzentrum in Frage. Den vollst\u00e4ndigen Artikel finden Sie auf der Seite der <strong><a href=\"https:\/\/www.mainpost.de\/regional\/main-spessart\/Hafenlohrtal-Landtag-stellt-Eichenzentrum-in-Erlenfurt-in-Frage;art774,10392465\" target=\"_blank\" rel=\"noopener noreferrer\">[Mainpost]<\/a><\/strong><\/span><\/p>\n","protected":false},"excerpt":{"rendered":"<p>W\u00fcrzburg, 23.01.2020 Im August besuchte der Gr\u00fcne MdL mit Fachleuten und interessierten G\u00e4sten den Spessart. Vor Ort machte sich die Gruppe u.a. ein Bild vom nach wie vor umstrittenen Eichenzentrum, [&hellip;]<\/p>\n","protected":false},"author":-1,"featured_media":194,"comment_status":"open","ping_status":"open","sticky":false,"template":"","format":"standard","meta":{"footnotes":""},"categories":[11],"tags":[],"class_list":["post-195","post","type-post","status-publish","format-standard","has-post-thumbnail","hentry","category-naturschutz"],"_links":{"self":[{"href":"https:\/\/patrick-friedl.de\/wps\/wp-json\/wp\/v2\/posts\/195","targetHints":{"allow":["GET"]}}],"collection":[{"href":"https:\/\/patrick-friedl.de\/wps\/wp-json\/wp\/v2\/posts"}],"about":[{"href":"https:\/\/patrick-friedl.de\/wps\/wp-json\/wp\/v2\/types\/post"}],"author":[{"embeddable":true,"href":"https:\/\/patrick-friedl.de\/wps\/wp-json\/wp\/v2\/users\/1"}],"replies":[{"embeddable":true,"href":"https:\/\/patrick-friedl.de\/wps\/wp-json\/wp\/v2\/comments?post=195"}],"version-history":[{"count":0,"href":"https:\/\/patrick-friedl.de\/wps\/wp-json\/wp\/v2\/posts\/195\/revisions"}],"wp:featuredmedia":[{"embeddable":true,"href":"https:\/\/patrick-friedl.de\/wps\/wp-json\/wp\/v2\/media\/194"}],"wp:attachment":[{"href":"https:\/\/patrick-friedl.de\/wps\/wp-json\/wp\/v2\/media?parent=195"}],"wp:term":[{"taxonomy":"category","embeddable":true,"href":"https:\/\/patrick-friedl.de\/wps\/wp-json\/wp\/v2\/categories?post=195"},{"taxonomy":"post_tag","embeddable":true,"href":"https:\/\/patrick-friedl.de\/wps\/wp-json\/wp\/v2\/tags?post=195"}],"curies":[{"name":"wp","href":"https:\/\/api.w.org\/{rel}","templated":true}]}}