{"id":193,"date":"2020-01-23T20:42:32","date_gmt":"2020-01-23T20:42:32","guid":{"rendered":"https:\/\/patrick-friedl.de\/wps\/2020\/01\/23\/die-klimaangepasste-kommune\/"},"modified":"2020-01-23T20:42:32","modified_gmt":"2020-01-23T20:42:32","slug":"die-klimaangepasste-kommune","status":"publish","type":"post","link":"https:\/\/patrick-friedl.de\/wps\/2020\/01\/23\/die-klimaangepasste-kommune\/","title":{"rendered":"Die Klimaangepasste Kommune"},"content":{"rendered":"<p><img loading=\"lazy\" decoding=\"async\" class=\" size-full wp-image-192\" src=\"http:\/\/patrick-friedl.de\/wps\/wp-content\/uploads\/2020\/01\/csm_200108_Faltwand_Klausur_Klimaschutz_Wuerzburg_5100d164ab.jpg\" alt=\"Die Klimaangepasste Kommune\" width=\"843\" height=\"472\" srcset=\"https:\/\/patrick-friedl.de\/wps\/wp-content\/uploads\/2020\/01\/csm_200108_Faltwand_Klausur_Klimaschutz_Wuerzburg_5100d164ab.jpg 843w, https:\/\/patrick-friedl.de\/wps\/wp-content\/uploads\/2020\/01\/csm_200108_Faltwand_Klausur_Klimaschutz_Wuerzburg_5100d164ab-300x168.jpg 300w, https:\/\/patrick-friedl.de\/wps\/wp-content\/uploads\/2020\/01\/csm_200108_Faltwand_Klausur_Klimaschutz_Wuerzburg_5100d164ab-768x430.jpg 768w\" sizes=\"auto, (max-width: 843px) 100vw, 843px\" \/><\/p>\n<p>W\u00fcrzburg, 23.01.2020<\/p>\n<p>Im Rahmen der Winterklausur der Gr\u00fcnen Landtagsfraktion in W\u00fcrzburg wurde im Rahmen eines vielf\u00e4ltigen Programms ein Positionspapier zur klimaangepassten Kommune einstimmig verabschiedet.<\/p>\n<p>Dieses Papier wurde ma\u00dfgeblich von Patrick Friedl verfasst und kann in vollem Umfang auf der Homepage der Landtagsfraktion <a href=\"https:\/\/www.gruene-fraktion-bayern.de\/fileadmin\/bayern\/user_upload\/Dateien_fuer_Homepage\/Klausur_1_2020\/200115_A3_Positionspapier_Klimagerechte_Kommune_FINAL.pdf\" target=\"_blank\" rel=\"noopener noreferrer\">nachgelesen werden. [PDF]<\/a><\/p>\n","protected":false},"excerpt":{"rendered":"<p>W\u00fcrzburg, 23.01.2020 Im Rahmen der Winterklausur der Gr\u00fcnen Landtagsfraktion in W\u00fcrzburg wurde im Rahmen eines vielf\u00e4ltigen Programms ein Positionspapier zur klimaangepassten Kommune einstimmig verabschiedet. Dieses Papier wurde ma\u00dfgeblich von Patrick [&hellip;]<\/p>\n","protected":false},"author":-1,"featured_media":192,"comment_status":"open","ping_status":"open","sticky":false,"template":"","format":"standard","meta":{"footnotes":""},"categories":[8],"tags":[],"class_list":["post-193","post","type-post","status-publish","format-standard","has-post-thumbnail","hentry","category-klimaanpassung"],"_links":{"self":[{"href":"https:\/\/patrick-friedl.de\/wps\/wp-json\/wp\/v2\/posts\/193","targetHints":{"allow":["GET"]}}],"collection":[{"href":"https:\/\/patrick-friedl.de\/wps\/wp-json\/wp\/v2\/posts"}],"about":[{"href":"https:\/\/patrick-friedl.de\/wps\/wp-json\/wp\/v2\/types\/post"}],"author":[{"embeddable":true,"href":"https:\/\/patrick-friedl.de\/wps\/wp-json\/wp\/v2\/users\/1"}],"replies":[{"embeddable":true,"href":"https:\/\/patrick-friedl.de\/wps\/wp-json\/wp\/v2\/comments?post=193"}],"version-history":[{"count":0,"href":"https:\/\/patrick-friedl.de\/wps\/wp-json\/wp\/v2\/posts\/193\/revisions"}],"wp:featuredmedia":[{"embeddable":true,"href":"https:\/\/patrick-friedl.de\/wps\/wp-json\/wp\/v2\/media\/192"}],"wp:attachment":[{"href":"https:\/\/patrick-friedl.de\/wps\/wp-json\/wp\/v2\/media?parent=193"}],"wp:term":[{"taxonomy":"category","embeddable":true,"href":"https:\/\/patrick-friedl.de\/wps\/wp-json\/wp\/v2\/categories?post=193"},{"taxonomy":"post_tag","embeddable":true,"href":"https:\/\/patrick-friedl.de\/wps\/wp-json\/wp\/v2\/tags?post=193"}],"curies":[{"name":"wp","href":"https:\/\/api.w.org\/{rel}","templated":true}]}}