{"id":188,"date":"2019-11-21T15:52:53","date_gmt":"2019-11-21T15:52:53","guid":{"rendered":"https:\/\/patrick-friedl.de\/wps\/2019\/11\/21\/fachtagung-in-ebrach-neue-erkenntnisse-zu-naturwald-und-klima\/"},"modified":"2019-11-21T15:52:53","modified_gmt":"2019-11-21T15:52:53","slug":"fachtagung-in-ebrach-neue-erkenntnisse-zu-naturwald-und-klima","status":"publish","type":"post","link":"https:\/\/patrick-friedl.de\/wps\/2019\/11\/21\/fachtagung-in-ebrach-neue-erkenntnisse-zu-naturwald-und-klima\/","title":{"rendered":"Fachtagung in Ebrach: neue Erkenntnisse zu Naturwald und Klima"},"content":{"rendered":"<p>Bei der gut besuchten Tagung \u201eNaturerbe Buchenw\u00e4lder\u201c des BUND-Naturschutz (BN) in Ebrach ging es letztes Wochenende um ein Naturwald-Verbundsystem in Bayern und W\u00e4lder in der Klimakrise. Der Gr\u00fcne Landtagsabgeordnete Friedl nahm diesen Termin nat\u00fcrlich ebenfalls war und setzte sich vor Ort einmal mehr f\u00fcr eine offene Diskussion zum Thema Naturwaldkonzept ein. Den vollst\u00e4ndigen Artikel lesen Sie bitte auf der Seite des <a href=\"https:\/\/www.wiesentbote.de\/2019\/11\/20\/fachtagung-in-ebrach-neue-erkenntnisse-zu-naturwald-und-klima\/\" target=\"_blank\" rel=\"noopener noreferrer\">[Wiesentboten]<\/a><span style=\"font-size: 10pt;\"><br \/><\/span><\/p>\n","protected":false},"excerpt":{"rendered":"<p>Bei der gut besuchten Tagung \u201eNaturerbe Buchenw\u00e4lder\u201c des BUND-Naturschutz (BN) in Ebrach ging es letztes Wochenende um ein Naturwald-Verbundsystem in Bayern und W\u00e4lder in der Klimakrise. Der Gr\u00fcne Landtagsabgeordnete Friedl [&hellip;]<\/p>\n","protected":false},"author":-1,"featured_media":187,"comment_status":"open","ping_status":"open","sticky":false,"template":"","format":"standard","meta":{"footnotes":""},"categories":[11],"tags":[],"class_list":["post-188","post","type-post","status-publish","format-standard","has-post-thumbnail","hentry","category-naturschutz"],"_links":{"self":[{"href":"https:\/\/patrick-friedl.de\/wps\/wp-json\/wp\/v2\/posts\/188","targetHints":{"allow":["GET"]}}],"collection":[{"href":"https:\/\/patrick-friedl.de\/wps\/wp-json\/wp\/v2\/posts"}],"about":[{"href":"https:\/\/patrick-friedl.de\/wps\/wp-json\/wp\/v2\/types\/post"}],"author":[{"embeddable":true,"href":"https:\/\/patrick-friedl.de\/wps\/wp-json\/wp\/v2\/users\/2"}],"replies":[{"embeddable":true,"href":"https:\/\/patrick-friedl.de\/wps\/wp-json\/wp\/v2\/comments?post=188"}],"version-history":[{"count":0,"href":"https:\/\/patrick-friedl.de\/wps\/wp-json\/wp\/v2\/posts\/188\/revisions"}],"wp:featuredmedia":[{"embeddable":true,"href":"https:\/\/patrick-friedl.de\/wps\/wp-json\/wp\/v2\/media\/187"}],"wp:attachment":[{"href":"https:\/\/patrick-friedl.de\/wps\/wp-json\/wp\/v2\/media?parent=188"}],"wp:term":[{"taxonomy":"category","embeddable":true,"href":"https:\/\/patrick-friedl.de\/wps\/wp-json\/wp\/v2\/categories?post=188"},{"taxonomy":"post_tag","embeddable":true,"href":"https:\/\/patrick-friedl.de\/wps\/wp-json\/wp\/v2\/tags?post=188"}],"curies":[{"name":"wp","href":"https:\/\/api.w.org\/{rel}","templated":true}]}}