{"id":186,"date":"2019-11-12T17:31:59","date_gmt":"2019-11-12T17:31:59","guid":{"rendered":"https:\/\/patrick-friedl.de\/wps\/2019\/11\/12\/gruenen-boom-in-unterfranken-haelt-an-jetzt-1500-mitglieder\/"},"modified":"2019-11-12T17:31:59","modified_gmt":"2019-11-12T17:31:59","slug":"gruenen-boom-in-unterfranken-haelt-an-jetzt-1500-mitglieder","status":"publish","type":"post","link":"https:\/\/patrick-friedl.de\/wps\/2019\/11\/12\/gruenen-boom-in-unterfranken-haelt-an-jetzt-1500-mitglieder\/","title":{"rendered":"Gr\u00fcnen-Boom in Unterfranken h\u00e4lt an: Jetzt 1500 Mitglieder"},"content":{"rendered":"<p><span style=\"font-size: 10pt;\">1500 M\u00e4nner und Frauen sind inzwischen in 58 Gr\u00fcnen Ortsverb\u00e4nden in Unterfranken engagiert. Der Zulauf bei den Gr\u00fcnen h\u00e4lt an und man hofft, den aktuellen Schwung mit in die anstehenden Kommunalwahlen zu nehmen. F\u00fcr den kompletten Artikel besuchen Sie bitte die Homepage der <a href=\"https:\/\/www.mainpost.de\/regional\/rhoengrabfeld\/Gruenen-Boom-in-Unterfranken-haelt-an-Jetzt-1500-Mitglieder;art765,10350269\" target=\"_blank\" rel=\"noopener noreferrer\">[MAINPOST]<\/a><\/span><\/p>\n","protected":false},"excerpt":{"rendered":"<p>1500 M\u00e4nner und Frauen sind inzwischen in 58 Gr\u00fcnen Ortsverb\u00e4nden in Unterfranken engagiert. Der Zulauf bei den Gr\u00fcnen h\u00e4lt an und man hofft, den aktuellen Schwung mit in die anstehenden [&hellip;]<\/p>\n","protected":false},"author":-1,"featured_media":185,"comment_status":"open","ping_status":"open","sticky":false,"template":"","format":"standard","meta":{"footnotes":""},"categories":[23],"tags":[],"class_list":["post-186","post","type-post","status-publish","format-standard","has-post-thumbnail","hentry","category-gruene"],"_links":{"self":[{"href":"https:\/\/patrick-friedl.de\/wps\/wp-json\/wp\/v2\/posts\/186","targetHints":{"allow":["GET"]}}],"collection":[{"href":"https:\/\/patrick-friedl.de\/wps\/wp-json\/wp\/v2\/posts"}],"about":[{"href":"https:\/\/patrick-friedl.de\/wps\/wp-json\/wp\/v2\/types\/post"}],"author":[{"embeddable":true,"href":"https:\/\/patrick-friedl.de\/wps\/wp-json\/wp\/v2\/users\/2"}],"replies":[{"embeddable":true,"href":"https:\/\/patrick-friedl.de\/wps\/wp-json\/wp\/v2\/comments?post=186"}],"version-history":[{"count":0,"href":"https:\/\/patrick-friedl.de\/wps\/wp-json\/wp\/v2\/posts\/186\/revisions"}],"wp:featuredmedia":[{"embeddable":true,"href":"https:\/\/patrick-friedl.de\/wps\/wp-json\/wp\/v2\/media\/185"}],"wp:attachment":[{"href":"https:\/\/patrick-friedl.de\/wps\/wp-json\/wp\/v2\/media?parent=186"}],"wp:term":[{"taxonomy":"category","embeddable":true,"href":"https:\/\/patrick-friedl.de\/wps\/wp-json\/wp\/v2\/categories?post=186"},{"taxonomy":"post_tag","embeddable":true,"href":"https:\/\/patrick-friedl.de\/wps\/wp-json\/wp\/v2\/tags?post=186"}],"curies":[{"name":"wp","href":"https:\/\/api.w.org\/{rel}","templated":true}]}}