{"id":1828,"date":"2024-02-23T11:33:00","date_gmt":"2024-02-23T11:33:00","guid":{"rendered":"https:\/\/patrick-friedl.de\/wps\/?p=1828"},"modified":"2025-06-03T13:26:42","modified_gmt":"2025-06-03T12:26:42","slug":"schriftliche-anfrage-ackerbau-im-donaumoos","status":"publish","type":"post","link":"https:\/\/patrick-friedl.de\/wps\/2024\/02\/23\/schriftliche-anfrage-ackerbau-im-donaumoos\/","title":{"rendered":"Schriftliche Anfrage: Ackerbau im Donaumoos"},"content":{"rendered":"\n<p>Das Donaumoos ist eines der gr\u00f6\u00dften Niedermoore S\u00fcddeutschlands und ein Hotspot f\u00fcr CO2-Emissionen. Um die Emissionen zu reduzieren, hat die Staatsregierung 2021 ein 200-Millionen-Euro-Programm zur Wiedervern\u00e4ssung des Donaumooses gestartet. Doch wie steht es um die Umsetzung und welche Fortschritte wurden bisher erzielt? Die Anfrage liefert Einblicke in die geplanten und laufenden Ma\u00dfnahmen.<\/p>\n\n\n\n<p>Die Anfrage mit Antwort mit der Staatsregierung finde Sie <a href=\"https:\/\/www.bayern.landtag.de\/www\/ElanTextAblage_WP19\/Drucksachen\/Schriftliche%20Anfragen\/19_0000262.pdf\">hier<\/a>.<\/p>\n","protected":false},"excerpt":{"rendered":"<p>Das Donaumoos ist eines der gr\u00f6\u00dften Niedermoore S\u00fcddeutschlands und ein Hotspot f\u00fcr CO2-Emissionen. Um die Emissionen zu reduzieren, hat die Staatsregierung 2021 ein 200-Millionen-Euro-Programm zur Wiedervern\u00e4ssung des Donaumooses gestartet. Doch [&hellip;]<\/p>\n","protected":false},"author":-1,"featured_media":0,"comment_status":"closed","ping_status":"closed","sticky":false,"template":"","format":"standard","meta":{"footnotes":""},"categories":[82,45,77],"tags":[],"class_list":["post-1828","post","type-post","status-publish","format-standard","hentry","category-landwirtschaft-flaechennutzung-san","category-anfragen-im-landtag-2","category-schriftliche-anfragen"],"_links":{"self":[{"href":"https:\/\/patrick-friedl.de\/wps\/wp-json\/wp\/v2\/posts\/1828","targetHints":{"allow":["GET"]}}],"collection":[{"href":"https:\/\/patrick-friedl.de\/wps\/wp-json\/wp\/v2\/posts"}],"about":[{"href":"https:\/\/patrick-friedl.de\/wps\/wp-json\/wp\/v2\/types\/post"}],"author":[{"embeddable":true,"href":"https:\/\/patrick-friedl.de\/wps\/wp-json\/wp\/v2\/users\/8"}],"replies":[{"embeddable":true,"href":"https:\/\/patrick-friedl.de\/wps\/wp-json\/wp\/v2\/comments?post=1828"}],"version-history":[{"count":1,"href":"https:\/\/patrick-friedl.de\/wps\/wp-json\/wp\/v2\/posts\/1828\/revisions"}],"predecessor-version":[{"id":1829,"href":"https:\/\/patrick-friedl.de\/wps\/wp-json\/wp\/v2\/posts\/1828\/revisions\/1829"}],"wp:attachment":[{"href":"https:\/\/patrick-friedl.de\/wps\/wp-json\/wp\/v2\/media?parent=1828"}],"wp:term":[{"taxonomy":"category","embeddable":true,"href":"https:\/\/patrick-friedl.de\/wps\/wp-json\/wp\/v2\/categories?post=1828"},{"taxonomy":"post_tag","embeddable":true,"href":"https:\/\/patrick-friedl.de\/wps\/wp-json\/wp\/v2\/tags?post=1828"}],"curies":[{"name":"wp","href":"https:\/\/api.w.org\/{rel}","templated":true}]}}