{"id":1735,"date":"2024-11-14T15:21:00","date_gmt":"2024-11-14T15:21:00","guid":{"rendered":"https:\/\/patrick-friedl.de\/wps\/?p=1735"},"modified":"2025-06-03T11:15:56","modified_gmt":"2025-06-03T10:15:56","slug":"schriftliche-anfrage-personenbezogene-daten-mit-cannabisbezug-in-polizeilichen-datensystemen","status":"publish","type":"post","link":"https:\/\/patrick-friedl.de\/wps\/2024\/11\/14\/schriftliche-anfrage-personenbezogene-daten-mit-cannabisbezug-in-polizeilichen-datensystemen\/","title":{"rendered":"Schriftliche Anfrage: Personenbezogene Daten mit Cannabisbezug in polizeilichen Datensystemen"},"content":{"rendered":"\n<p>Seit dem 1. April 2024 d\u00fcrfen Erwachsene bis zu 25 Gramm Cannabis besitzen und mit sich f\u00fchren \u2013 doch was passiert mit den bisher gespeicherten polizeilichen Daten \u00fcber Cannabiskonsum? Diese Schriftliche Anfrage thematisiert, wie die Staatsregierung mit personenbezogenen Daten im Kriminalaktennachweis (KAN) umgeht, die aufgrund der Cannabislegalisierung nun eigentlich nicht mehr relevant sind. Welche Daten m\u00fcssen jetzt gel\u00f6scht werden und wie wird die L\u00f6schung umgesetzt?<\/p>\n\n\n\n<p>Die Anfrage mit Antwort der Staatsregierung finden Sie <a href=\"https:\/\/www.bayern.landtag.de\/www\/ElanTextAblage_WP19\/Drucksachen\/Schriftliche%20Anfragen\/19_0003656.pdf\">hier<\/a>.<\/p>\n","protected":false},"excerpt":{"rendered":"<p>Seit dem 1. April 2024 d\u00fcrfen Erwachsene bis zu 25 Gramm Cannabis besitzen und mit sich f\u00fchren \u2013 doch was passiert mit den bisher gespeicherten polizeilichen Daten \u00fcber Cannabiskonsum? Diese [&hellip;]<\/p>\n","protected":false},"author":-1,"featured_media":0,"comment_status":"closed","ping_status":"closed","sticky":false,"template":"","format":"standard","meta":{"footnotes":""},"categories":[45,77,83],"tags":[],"class_list":["post-1735","post","type-post","status-publish","format-standard","hentry","category-anfragen-im-landtag-2","category-schriftliche-anfragen","category-staatliches-handeln-verwaltung-san"],"_links":{"self":[{"href":"https:\/\/patrick-friedl.de\/wps\/wp-json\/wp\/v2\/posts\/1735","targetHints":{"allow":["GET"]}}],"collection":[{"href":"https:\/\/patrick-friedl.de\/wps\/wp-json\/wp\/v2\/posts"}],"about":[{"href":"https:\/\/patrick-friedl.de\/wps\/wp-json\/wp\/v2\/types\/post"}],"author":[{"embeddable":true,"href":"https:\/\/patrick-friedl.de\/wps\/wp-json\/wp\/v2\/users\/8"}],"replies":[{"embeddable":true,"href":"https:\/\/patrick-friedl.de\/wps\/wp-json\/wp\/v2\/comments?post=1735"}],"version-history":[{"count":1,"href":"https:\/\/patrick-friedl.de\/wps\/wp-json\/wp\/v2\/posts\/1735\/revisions"}],"predecessor-version":[{"id":1736,"href":"https:\/\/patrick-friedl.de\/wps\/wp-json\/wp\/v2\/posts\/1735\/revisions\/1736"}],"wp:attachment":[{"href":"https:\/\/patrick-friedl.de\/wps\/wp-json\/wp\/v2\/media?parent=1735"}],"wp:term":[{"taxonomy":"category","embeddable":true,"href":"https:\/\/patrick-friedl.de\/wps\/wp-json\/wp\/v2\/categories?post=1735"},{"taxonomy":"post_tag","embeddable":true,"href":"https:\/\/patrick-friedl.de\/wps\/wp-json\/wp\/v2\/tags?post=1735"}],"curies":[{"name":"wp","href":"https:\/\/api.w.org\/{rel}","templated":true}]}}