{"id":1733,"date":"2024-11-14T15:15:00","date_gmt":"2024-11-14T15:15:00","guid":{"rendered":"https:\/\/patrick-friedl.de\/wps\/?p=1733"},"modified":"2025-05-23T12:00:37","modified_gmt":"2025-05-23T11:00:37","slug":"schriftliche-anfrage-situation-der-heimischen-flusskrebsarten-in-bayern","status":"publish","type":"post","link":"https:\/\/patrick-friedl.de\/wps\/2024\/11\/14\/schriftliche-anfrage-situation-der-heimischen-flusskrebsarten-in-bayern\/","title":{"rendered":"Schriftliche Anfrage: Situation der heimischen Flusskrebsarten in Bayern"},"content":{"rendered":"\n<p>Die heimischen Flusskrebse Edelkrebs und Steinkrebs sind in Bayern stark bedroht \u2013 nicht zuletzt durch die eingeschleppte Krebspest, die ihnen durch invasive Arten wie Signal- oder Kamberkrebs eingeschleppt wurde. W\u00e4hrend die fremden Arten immun sind, k\u00f6nnte die Krebspest die heimischen Krebspopulationen in wenigen Jahren ausl\u00f6schen. In dieser Schriftlichen Anfrage wurde die Staatsregierung dazu befragt, wie sie den R\u00fcckgang der Flusskrebse stoppen will und ob die bestehenden Artenhilfsprogramme ausreichen.<\/p>\n\n\n\n<p>Die Anfrage mit Antwort der Staatsregierung finden Sie <a href=\"https:\/\/www.bayern.landtag.de\/www\/ElanTextAblage_WP19\/Drucksachen\/Schriftliche%20Anfragen\/19_0003595.pdf\">hier<\/a>.<\/p>\n","protected":false},"excerpt":{"rendered":"<p>Die heimischen Flusskrebse Edelkrebs und Steinkrebs sind in Bayern stark bedroht \u2013 nicht zuletzt durch die eingeschleppte Krebspest, die ihnen durch invasive Arten wie Signal- oder Kamberkrebs eingeschleppt wurde. W\u00e4hrend [&hellip;]<\/p>\n","protected":false},"author":-1,"featured_media":0,"comment_status":"closed","ping_status":"closed","sticky":false,"template":"","format":"standard","meta":{"footnotes":""},"categories":[79,45,77],"tags":[],"class_list":["post-1733","post","type-post","status-publish","format-standard","hentry","category-natur-artenschutz-san","category-anfragen-im-landtag-2","category-schriftliche-anfragen"],"_links":{"self":[{"href":"https:\/\/patrick-friedl.de\/wps\/wp-json\/wp\/v2\/posts\/1733","targetHints":{"allow":["GET"]}}],"collection":[{"href":"https:\/\/patrick-friedl.de\/wps\/wp-json\/wp\/v2\/posts"}],"about":[{"href":"https:\/\/patrick-friedl.de\/wps\/wp-json\/wp\/v2\/types\/post"}],"author":[{"embeddable":true,"href":"https:\/\/patrick-friedl.de\/wps\/wp-json\/wp\/v2\/users\/8"}],"replies":[{"embeddable":true,"href":"https:\/\/patrick-friedl.de\/wps\/wp-json\/wp\/v2\/comments?post=1733"}],"version-history":[{"count":1,"href":"https:\/\/patrick-friedl.de\/wps\/wp-json\/wp\/v2\/posts\/1733\/revisions"}],"predecessor-version":[{"id":1734,"href":"https:\/\/patrick-friedl.de\/wps\/wp-json\/wp\/v2\/posts\/1733\/revisions\/1734"}],"wp:attachment":[{"href":"https:\/\/patrick-friedl.de\/wps\/wp-json\/wp\/v2\/media?parent=1733"}],"wp:term":[{"taxonomy":"category","embeddable":true,"href":"https:\/\/patrick-friedl.de\/wps\/wp-json\/wp\/v2\/categories?post=1733"},{"taxonomy":"post_tag","embeddable":true,"href":"https:\/\/patrick-friedl.de\/wps\/wp-json\/wp\/v2\/tags?post=1733"}],"curies":[{"name":"wp","href":"https:\/\/api.w.org\/{rel}","templated":true}]}}