{"id":173,"date":"2019-08-02T14:07:01","date_gmt":"2019-08-02T13:07:01","guid":{"rendered":"https:\/\/patrick-friedl.de\/wps\/2019\/08\/02\/dem-neuen-senorienwohnstift-einen-besuch-abgestattet\/"},"modified":"2019-08-02T14:07:01","modified_gmt":"2019-08-02T13:07:01","slug":"dem-neuen-senorienwohnstift-einen-besuch-abgestattet","status":"publish","type":"post","link":"https:\/\/patrick-friedl.de\/wps\/2019\/08\/02\/dem-neuen-senorienwohnstift-einen-besuch-abgestattet\/","title":{"rendered":"Dem neuen Senorienwohnstift einen Besuch abgestattet"},"content":{"rendered":"<h5>Kerstin Celina und Patrick Friedl besuchten Seniorenwohnstift des B\u00fcrgerspitals am Hubland<\/h5>\n<p>Gleich zwei Landtagsabgeordnete der Gr\u00fcnen besuchten den erst j\u00fcngst er\u00f6ffneten Seniorenwohnstift des B\u00fcrgerspitals am Hubland. Kerstin Celina und Patrick Friedl trafen sich mit der Leiterin des B\u00fcrgerspitals Annette Noffz und dem Einrichtungsleiter Thomas G\u00f6hring f\u00fcr eine F\u00fchrung in den neuen H\u00e4usern des Seniorenwohnstifts von Steren, welches gebaut wurde, nachdem sich herausstellte, dass eine Sanierung des Hochhauses in der Sanderauer K\u00f6ngisberger Stra\u00dfe nicht mehr m\u00f6glich war. Die beiden Landtagsabgeordneten begutachteten ausgew\u00e4hlte Zimmer der 119 Apartments im betreuten Wohnen und der 36 Zimmer im Pflegebereich, sowie das Restaurant, in dem die Bewohnerinnen und Bewohner ihre individuell eingerichteten Pl\u00e4tze haben. Sie besichtigten den ger\u00e4umigen und gr\u00fcnen Innenhof im Erdgeschoss und den Panoramasaal im 4. Stock mit seinen Terrassen, die auf Augenh\u00f6he mit der Marienfestung einen fantastischen Ausblick \u00fcber W\u00fcrzburg erm\u00f6glichen. Der Panoramasaal und das Foyer im Eingangsbereich bieten Platz f\u00fcr Gemeinschaftsaktivit\u00e4ten und Konzerte.<\/p>\n<p><!--more--><\/p>\n<p>Auch \u00fcber die Angebote f\u00fcr die Bewohner berichtete die Leiterin Noffz. Regelm\u00e4\u00dfige Sportkurse und die M\u00f6glichkeit der Saunanutzung im Hause tragen zur Gesundheit und Unterhaltung bei. Neben den werkt\u00e4glichen Aktivit\u00e4ten, finden immer wieder besondere Ereignisse statt, wie zum Beispiel der Besuch von Lamas oder Musikdarbietungen. \u201eDas B\u00fcrgerspital bietet mit diesem neuen und hochmodernen Seniorenwohnstift ein wichtiges Angebot f\u00fcr ein w\u00fcrdevolles Leben f\u00fcr Menschen im Alter\u201c, ist Patrick Friedl \u00fcberzeugt. \u201eUmso wichtiger ist die gute Anbindung an den \u00f6ffentlichen Nahverkehr. Bis endlich die Stra\u00dfenbahnlinie 6 gebaut sein wird, braucht es jede Verbesserung in Komfort und Taktdichte, die im Busverkehr zum Hubland durch die Rottendorfer Stra\u00dfe m\u00f6glich ist.\u201c<\/p>\n<p>\u201eWichtig w\u00e4re au\u00dferdem ein Fu\u00dfg\u00e4nger\u00fcberweg \u00fcber die zunehmend st\u00e4rker befahrene Rottendorfer Stra\u00dfe, f\u00fcr eine sicherere Stra\u00dfen\u00fcberquerung\u201c, so Kerstin Celina, die etwas fr\u00fcher zum n\u00e4chsten Termin aufbrechen musste und daher auf dem abschlie\u00dfenden Gruppenbild fehlte. Beide Landtagsabgeordnete bekamen zum Abschied als Geschenk ein Buch \u00fcber die Geschichte des B\u00fcrgerspitals und nahmen eine F\u00fclle guter Eindr\u00fccke von der Einrichtung selbst mit nach Hause.<\/p>\n<p>Foto: Patrick Friedl, Annette Noffz, Thomas G\u00f6hring<\/p>\n","protected":false},"excerpt":{"rendered":"<p>Kerstin Celina und Patrick Friedl besuchten Seniorenwohnstift des B\u00fcrgerspitals am Hubland Gleich zwei Landtagsabgeordnete der Gr\u00fcnen besuchten den erst j\u00fcngst er\u00f6ffneten Seniorenwohnstift des B\u00fcrgerspitals am Hubland. Kerstin Celina und Patrick [&hellip;]<\/p>\n","protected":false},"author":-1,"featured_media":172,"comment_status":"open","ping_status":"open","sticky":false,"template":"","format":"standard","meta":{"footnotes":""},"categories":[36],"tags":[],"class_list":["post-173","post","type-post","status-publish","format-standard","has-post-thumbnail","hentry","category-pressemitteilungen-landtagsabgeordneter"],"_links":{"self":[{"href":"https:\/\/patrick-friedl.de\/wps\/wp-json\/wp\/v2\/posts\/173","targetHints":{"allow":["GET"]}}],"collection":[{"href":"https:\/\/patrick-friedl.de\/wps\/wp-json\/wp\/v2\/posts"}],"about":[{"href":"https:\/\/patrick-friedl.de\/wps\/wp-json\/wp\/v2\/types\/post"}],"author":[{"embeddable":true,"href":"https:\/\/patrick-friedl.de\/wps\/wp-json\/wp\/v2\/users\/2"}],"replies":[{"embeddable":true,"href":"https:\/\/patrick-friedl.de\/wps\/wp-json\/wp\/v2\/comments?post=173"}],"version-history":[{"count":0,"href":"https:\/\/patrick-friedl.de\/wps\/wp-json\/wp\/v2\/posts\/173\/revisions"}],"wp:featuredmedia":[{"embeddable":true,"href":"https:\/\/patrick-friedl.de\/wps\/wp-json\/wp\/v2\/media\/172"}],"wp:attachment":[{"href":"https:\/\/patrick-friedl.de\/wps\/wp-json\/wp\/v2\/media?parent=173"}],"wp:term":[{"taxonomy":"category","embeddable":true,"href":"https:\/\/patrick-friedl.de\/wps\/wp-json\/wp\/v2\/categories?post=173"},{"taxonomy":"post_tag","embeddable":true,"href":"https:\/\/patrick-friedl.de\/wps\/wp-json\/wp\/v2\/tags?post=173"}],"curies":[{"name":"wp","href":"https:\/\/api.w.org\/{rel}","templated":true}]}}