{"id":1650,"date":"2025-03-11T14:12:00","date_gmt":"2025-03-11T14:12:00","guid":{"rendered":"https:\/\/patrick-friedl.de\/wps\/?p=1650"},"modified":"2025-06-04T07:58:31","modified_gmt":"2025-06-04T06:58:31","slug":"anfrage-zum-plenum-illegale-ablagerung-bayerischen-muells-in-tschechien","status":"publish","type":"post","link":"https:\/\/patrick-friedl.de\/wps\/2025\/03\/11\/anfrage-zum-plenum-illegale-ablagerung-bayerischen-muells-in-tschechien\/","title":{"rendered":"Anfrage zum Plenum: Illegale Ablagerung bayerischen M\u00fclls in Tschechien"},"content":{"rendered":"\n<p>In einer Anfrage zum Plenum zur Plenarsitzung am 11.03.2025 befragte ich die Staatsregierung, ob es in den letzten f\u00fcnf Jahren durch das Weidener Entsorgungsunternehmen oder andere bayerische Unternehmen weitere Vorf\u00e4lle illegaler M\u00fcllentsorgung gab, welche Ma\u00dfnahmen zur Pr\u00e4vention solcher Machenschaften ergriffen wurden und wie gro\u00df die seit Januar 2025 in Tschechien aufgefundenen illegalen M\u00fcllmengen aus Bayern sind.<\/p>\n\n\n\n<p>Die AzP mit Antwort der Staatsregierung finden Sie <a href=\"https:\/\/www.bayern.landtag.de\/www\/ElanTextAblage_WP19\/Drucksachen\/Basisdrucksachen\/0000005000\/0000005303_016.pdf\">hier<\/a>.<\/p>\n","protected":false},"excerpt":{"rendered":"<p>In einer Anfrage zum Plenum zur Plenarsitzung am 11.03.2025 befragte ich die Staatsregierung, ob es in den letzten f\u00fcnf Jahren durch das Weidener Entsorgungsunternehmen oder andere bayerische Unternehmen weitere Vorf\u00e4lle [&hellip;]<\/p>\n","protected":false},"author":-1,"featured_media":0,"comment_status":"closed","ping_status":"closed","sticky":false,"template":"","format":"standard","meta":{"footnotes":""},"categories":[76,86,45,87],"tags":[],"class_list":["post-1650","post","type-post","status-publish","format-standard","hentry","category-anfragen-zum-plenum","category-natur-artenschutz-azp","category-anfragen-im-landtag-2","category-staatliches-handeln-verwaltung-azp"],"_links":{"self":[{"href":"https:\/\/patrick-friedl.de\/wps\/wp-json\/wp\/v2\/posts\/1650","targetHints":{"allow":["GET"]}}],"collection":[{"href":"https:\/\/patrick-friedl.de\/wps\/wp-json\/wp\/v2\/posts"}],"about":[{"href":"https:\/\/patrick-friedl.de\/wps\/wp-json\/wp\/v2\/types\/post"}],"author":[{"embeddable":true,"href":"https:\/\/patrick-friedl.de\/wps\/wp-json\/wp\/v2\/users\/8"}],"replies":[{"embeddable":true,"href":"https:\/\/patrick-friedl.de\/wps\/wp-json\/wp\/v2\/comments?post=1650"}],"version-history":[{"count":1,"href":"https:\/\/patrick-friedl.de\/wps\/wp-json\/wp\/v2\/posts\/1650\/revisions"}],"predecessor-version":[{"id":1651,"href":"https:\/\/patrick-friedl.de\/wps\/wp-json\/wp\/v2\/posts\/1650\/revisions\/1651"}],"wp:attachment":[{"href":"https:\/\/patrick-friedl.de\/wps\/wp-json\/wp\/v2\/media?parent=1650"}],"wp:term":[{"taxonomy":"category","embeddable":true,"href":"https:\/\/patrick-friedl.de\/wps\/wp-json\/wp\/v2\/categories?post=1650"},{"taxonomy":"post_tag","embeddable":true,"href":"https:\/\/patrick-friedl.de\/wps\/wp-json\/wp\/v2\/tags?post=1650"}],"curies":[{"name":"wp","href":"https:\/\/api.w.org\/{rel}","templated":true}]}}