{"id":164,"date":"2019-07-06T00:08:17","date_gmt":"2019-07-05T23:08:17","guid":{"rendered":"https:\/\/patrick-friedl.de\/wps\/2019\/07\/06\/lesewoche-in-der-grundschule\/"},"modified":"2019-07-06T00:08:17","modified_gmt":"2019-07-05T23:08:17","slug":"lesewoche-in-der-grundschule","status":"publish","type":"post","link":"https:\/\/patrick-friedl.de\/wps\/2019\/07\/06\/lesewoche-in-der-grundschule\/","title":{"rendered":"Lesewoche in der Grundschule"},"content":{"rendered":"<p>Patrick Friedl war einer der G\u00e4ste im Rahmen der Vorlesewoche der Adalbert-Stifter-Grundschule, die nat\u00fcrlich gepr\u00e4gt war von Geschichten, B\u00fcchern &amp; dem gemeinsamen Lesen und Vorlesen. Friedl mischte sich unter die kleinen Leseratten, las ihnen vor, lie\u00df sich vorlesen und lauschte spannenden Geschichten der Sch\u00fcler. Dieser Termin der etwas anderen Art lag dem Abgeordneten besonders am Herzen, denn er selbst ist begeisterter Leser und wei\u00df, wie wichtig es ist, mit B\u00fcchern aufzuwachsen.<\/p>\n<p><span style=\"font-size: 10pt;\">Den folgenden Text und das Foto ver\u00f6ffentlichen wir mit freundlicher Genehmigung der Adalbert-Stifter-Grundschule:<\/span><\/p>\n<h4>\u201eWer viel liest, wird reich an Bildern im Kopf ..\u201c<\/h4>\n<p>Lesewoche vom 2. \u2013 8. Juli 2019 an der Adalbert-Stifter-Grundschule<\/p>\n<p>Mit dem Lesemillion\u00e4r \u2013 Lied von Armin Pongs begr\u00fc\u00dften die Sch\u00fcler*innen der Adalbert-Stifter-Grundschule am Donnerstag ihre zahlreichen Vorleser*innen in der sch\u00f6n geschm\u00fcckten Turnhalle. Die G\u00e4ste lasen oder erz\u00e4hlten den Kindern aus ihren Lieblingsb\u00fcchern oder extra liebevoll ausgesuchten B\u00fcchern vor. Staunend lie\u00dfen sich die Sch\u00fcler*innen in fremde Welten mitnehmen, fieberten mit den Held*innen mit oder freuten sich \u00fcber den gl\u00fccklichen Ausgang eines Abenteuers. Am Freitag stellten einige Kinder Patrick Friedl, Landtagsabgeordnetem der Gr\u00fcnen, und dem Autor Christian Seltmann das Projekt \u201eLesen aus dem Koffer\u201c vor. Gelesen wurde das Buch \u201eKommissar Ping und das Kaugummigeheimnis\u201c von Herrn Seltmannn. Die zweiten Klassen durften im Anschluss noch eine szenische Lesung von Patrick Friedl und Adriano Henseler genie\u00dfen. F\u00fcr die 1. und 2. Klassen kam am Montag der folgenden Woche noch die M\u00e4rchenerz\u00e4hlerin Karola Graf. Das waren aber nur die H\u00f6hepunkte der Lesewoche. Gepr\u00e4gt wurde die Woche von viel gemeinsamer Lesezeit. T\u00e4glich durften die Kinder auf den Fluren die verlockend ausgestellten Buchangebote nutzen, gemeinsam schm\u00f6kern, sich gegenseitig vorlesen und von ihren Erlebnissen erz\u00e4hlen.<\/p>\n<p>Foto: Die Klassen 1 und 4 beginnen gemeinsam das &#8222;Lesen aus dem Koffer&#8220;<\/p>\n<p>\u00a0<\/p>\n","protected":false},"excerpt":{"rendered":"<p>Patrick Friedl war einer der G\u00e4ste im Rahmen der Vorlesewoche der Adalbert-Stifter-Grundschule, die nat\u00fcrlich gepr\u00e4gt war von Geschichten, B\u00fcchern &amp; dem gemeinsamen Lesen und Vorlesen. Friedl mischte sich unter die [&hellip;]<\/p>\n","protected":false},"author":-1,"featured_media":163,"comment_status":"open","ping_status":"open","sticky":false,"template":"","format":"standard","meta":{"footnotes":""},"categories":[19],"tags":[],"class_list":["post-164","post","type-post","status-publish","format-standard","has-post-thumbnail","hentry","category-wuerzburg-landtagsabgeordneter"],"_links":{"self":[{"href":"https:\/\/patrick-friedl.de\/wps\/wp-json\/wp\/v2\/posts\/164","targetHints":{"allow":["GET"]}}],"collection":[{"href":"https:\/\/patrick-friedl.de\/wps\/wp-json\/wp\/v2\/posts"}],"about":[{"href":"https:\/\/patrick-friedl.de\/wps\/wp-json\/wp\/v2\/types\/post"}],"author":[{"embeddable":true,"href":"https:\/\/patrick-friedl.de\/wps\/wp-json\/wp\/v2\/users\/2"}],"replies":[{"embeddable":true,"href":"https:\/\/patrick-friedl.de\/wps\/wp-json\/wp\/v2\/comments?post=164"}],"version-history":[{"count":0,"href":"https:\/\/patrick-friedl.de\/wps\/wp-json\/wp\/v2\/posts\/164\/revisions"}],"wp:featuredmedia":[{"embeddable":true,"href":"https:\/\/patrick-friedl.de\/wps\/wp-json\/wp\/v2\/media\/163"}],"wp:attachment":[{"href":"https:\/\/patrick-friedl.de\/wps\/wp-json\/wp\/v2\/media?parent=164"}],"wp:term":[{"taxonomy":"category","embeddable":true,"href":"https:\/\/patrick-friedl.de\/wps\/wp-json\/wp\/v2\/categories?post=164"},{"taxonomy":"post_tag","embeddable":true,"href":"https:\/\/patrick-friedl.de\/wps\/wp-json\/wp\/v2\/tags?post=164"}],"curies":[{"name":"wp","href":"https:\/\/api.w.org\/{rel}","templated":true}]}}