{"id":1638,"date":"2024-11-13T13:54:00","date_gmt":"2024-11-13T13:54:00","guid":{"rendered":"https:\/\/patrick-friedl.de\/wps\/?p=1638"},"modified":"2025-06-04T07:57:16","modified_gmt":"2025-06-04T06:57:16","slug":"anfrage-zum-plenum-kein-abwaegungsvorbehalt-fuer-trinkwasserschutz-auswirkung-von-wasserschutzgebieten-im-bergrechtlichen-verfahren","status":"publish","type":"post","link":"https:\/\/patrick-friedl.de\/wps\/2024\/11\/13\/anfrage-zum-plenum-kein-abwaegungsvorbehalt-fuer-trinkwasserschutz-auswirkung-von-wasserschutzgebieten-im-bergrechtlichen-verfahren\/","title":{"rendered":"Anfrage zum Plenum: Kein Abw\u00e4gungsvorbehalt f\u00fcr Trinkwasserschutz &#8211; Auswirkung von Wasserschutzgebieten im bergrechtlichen Verfahren"},"content":{"rendered":"\n<p>In einer Anfrage zum Plenum zur Plenarsitzung am 13.11.2024 befragte ich die Staatsregierung, ob die Aussagen des Bergamts Nordbayern zur Abw\u00e4gung von Bodensch\u00e4tzen und Trinkwasserschutz im Verfahren um den Gipsabbau bei Altertheim der tats\u00e4chlichen und rechtlichen Auffassung der Staatsregierung entsprechen, wie diese \u00c4u\u00dferungen im Lichte der Rechtsprechung des Bayerischen Verwaltungsgerichtshofs zum Wasserschutz zu bewerten sind und welche Ma\u00dfnahmen sie ergreift, um den Trinkwasserschutz in Unterfranken in diesem Verfahren zu gew\u00e4hrleisten.<\/p>\n\n\n\n<p>Die AzP mit Antwort der Staatsregierung finden Sie <a href=\"https:\/\/www.bayern.landtag.de\/www\/ElanTextAblage_WP19\/Drucksachen\/Basisdrucksachen\/0000003000\/0000003066_030.pdf\">hier<\/a>.<\/p>\n","protected":false},"excerpt":{"rendered":"<p>In einer Anfrage zum Plenum zur Plenarsitzung am 13.11.2024 befragte ich die Staatsregierung, ob die Aussagen des Bergamts Nordbayern zur Abw\u00e4gung von Bodensch\u00e4tzen und Trinkwasserschutz im Verfahren um den Gipsabbau [&hellip;]<\/p>\n","protected":false},"author":-1,"featured_media":0,"comment_status":"closed","ping_status":"closed","sticky":false,"template":"","format":"standard","meta":{"footnotes":""},"categories":[76,45,87,85],"tags":[],"class_list":["post-1638","post","type-post","status-publish","format-standard","hentry","category-anfragen-zum-plenum","category-anfragen-im-landtag-2","category-staatliches-handeln-verwaltung-azp","category-wasser-gewaesser-azp"],"_links":{"self":[{"href":"https:\/\/patrick-friedl.de\/wps\/wp-json\/wp\/v2\/posts\/1638","targetHints":{"allow":["GET"]}}],"collection":[{"href":"https:\/\/patrick-friedl.de\/wps\/wp-json\/wp\/v2\/posts"}],"about":[{"href":"https:\/\/patrick-friedl.de\/wps\/wp-json\/wp\/v2\/types\/post"}],"author":[{"embeddable":true,"href":"https:\/\/patrick-friedl.de\/wps\/wp-json\/wp\/v2\/users\/8"}],"replies":[{"embeddable":true,"href":"https:\/\/patrick-friedl.de\/wps\/wp-json\/wp\/v2\/comments?post=1638"}],"version-history":[{"count":1,"href":"https:\/\/patrick-friedl.de\/wps\/wp-json\/wp\/v2\/posts\/1638\/revisions"}],"predecessor-version":[{"id":1639,"href":"https:\/\/patrick-friedl.de\/wps\/wp-json\/wp\/v2\/posts\/1638\/revisions\/1639"}],"wp:attachment":[{"href":"https:\/\/patrick-friedl.de\/wps\/wp-json\/wp\/v2\/media?parent=1638"}],"wp:term":[{"taxonomy":"category","embeddable":true,"href":"https:\/\/patrick-friedl.de\/wps\/wp-json\/wp\/v2\/categories?post=1638"},{"taxonomy":"post_tag","embeddable":true,"href":"https:\/\/patrick-friedl.de\/wps\/wp-json\/wp\/v2\/tags?post=1638"}],"curies":[{"name":"wp","href":"https:\/\/api.w.org\/{rel}","templated":true}]}}