{"id":162,"date":"2019-07-11T23:51:16","date_gmt":"2019-07-11T22:51:16","guid":{"rendered":"https:\/\/patrick-friedl.de\/wps\/2019\/07\/11\/die-milch-im-fokus-besuch-einer-molkerei\/"},"modified":"2019-07-11T23:51:16","modified_gmt":"2019-07-11T22:51:16","slug":"die-milch-im-fokus-besuch-einer-molkerei","status":"publish","type":"post","link":"https:\/\/patrick-friedl.de\/wps\/2019\/07\/11\/die-milch-im-fokus-besuch-einer-molkerei\/","title":{"rendered":"Die Milch im Fokus &#8211; Besuch einer Molkerei"},"content":{"rendered":"<p>Gr\u00fcne Landtagsfraktion zu Gast bei der Bio-Molkerei Scheitz \u2013 Absatzmarkt f\u00fcr \u00d6koprodukte muss wachsen<\/p>\n<p>Andechs \u2013 Zu einem Austausch \u00fcber die aktuelle Situation der bayerischen Milchwirtschaft trafen sich auf Initiative von Patrick Friedl MdL k\u00fcrzlich Vertreter der Landtagsfraktion von B\u00fcndnis 90\/Die Gr\u00fcnen mit Barbara Scheitz, Gesch\u00e4ftsf\u00fchrerin der Andechser \u00d6ko-Molkerei Scheitz, und Prokurist Christian Wagner. Neben einer Betriebsbesichtigung stand eine Diskussion \u00fcber die Zukunft der \u00d6ko-Milch-Branche in Bayern und Deutschland im Mittelpunkt des Besuchs.<\/p>\n<p>Biologisch erzeugte Milch machte im Jahr 2018 bundesweit einen Anteil von 3,5 Prozent der gesamten Kuhmilchanlieferung aus. Der Anteil lag damit laut Bundesanstalt f\u00fcr Landwirtschaft und Ern\u00e4hrung 19 Prozent \u00fcber dem Vorjahreswert. Doch diese Steigerung m\u00fcsse sich nun auch Jahr f\u00fcr Jahr fortsetzen, waren sich die Gr\u00fcnen-MdLs Gisela Sengl, Patrick Friedl, Christian Hierneis und Hans Urban mit Barbara Scheitz einig, wolle man ein nachhaltiges Wachstum der Biomilchbranche erreichen. In Bayern ist die Situation \u00e4hnlich: Der Bio-Anteil an der Gesamterzeugung lag laut Landesanstalt f\u00fcr Landwirtschaft 2018 bei knapp 7 Prozent. Er ist damit deutlich gewachsen, das Potenzial nach oben aber weiter gro\u00df.<\/p>\n<p>\u201eWir haben noch immer eine lange Warteliste an Landwirten, die auf Bio umstellen wollen\u201c, best\u00e4tigte Scheitz den aktuell vorhandenen Umstellungswillen vieler Milchb\u00e4uerinnen und -bauern. Und auch die Produktion der Andechser Molkerei k\u00f6nne jederzeit ausgebaut werden. Doch f\u00fcr mehr biologische Milchprodukte in den Regalen der Lebensmittelm\u00e4rkte brauche es eben auch die entsprechend wachsende Zahl an Abnehmer*innen. \u201eDer Absatz f\u00fcr \u00f6kologische Milchprodukte muss in den kommenden Jahren dringend wachsen\u201c, sagte Scheitz, \u201evor allem wenn das im Volksbegehren zur Artenvielfalt festgeschriebene Ziel von 30 Prozent Bio-Landwirtschaft bis 2030 erreicht werden soll.\u201c<\/p>\n<p>Scheitz und die Gr\u00fcnen-MdLs waren sich einig, dass bei der Steigerung des Absatzmarktes die Politik in der Pflicht stehe. \u201eDer Auftrag an die bayerische Regierung aus CSU und Freien W\u00e4hlern ist sehr deutlich. Der Absatz von Bioprodukten muss durch politische Ma\u00dfnahmen angekurbelt werden\u201c, so MdL Hans Urban, selbst \u00d6ko-Landwirt. \u201eF\u00fcr Bauern und Bio-Mittelst\u00e4ndler wie die Molkerei Scheitz erreichen wir \u00fcber die biologische Landwirtschaft die gr\u00f6\u00dftm\u00f6gliche Wertsch\u00f6pfung.\u201c Die agrarpolitische Sprecherin der Landtags-Gr\u00fcnen Gisela Sengl verwies auf das enorme Potenzial in der Gemeinschaftsverpflegung: \u201eHier liegt ein gro\u00dfer Hebel, um den Absatzmarkt f\u00fcr heimisch erzeugte Biolebensmittel zu st\u00e4rken. Wir Gr\u00fcne sind an diesem Thema seit Jahren dran und fordern von der Staatsregierung, ihre M\u00f6glichkeiten endlich auszusch\u00f6pfen.\u201c<\/p>\n<p>Besonderes Interesse weckte Barbara Scheitz bei den Abgeordneten mit einer Studie der Molkerei zum Thema \u201eVerstehen Sie Bio?\u201c. Deutschlandweit wurden rund 3000 Verbraucher*innen zu ihren Einstellungen und Ansichten rund um das Thema \u201eBio\u201c befragt. Das Ergebnis: Am wichtigsten ist den Verbraucher*innen eine artgerechte Tierhaltung, gefolgt vom Verzicht auf Gentechnik und Kunstd\u00fcnger. \u201eWir waren erstaunt, dass die Verbindung zwischen dem Erhalt der Biodiversit\u00e4t und der \u00d6ko-Landwirtschaft bei den Verbrauchern offenbar noch nicht in der Deutlichkeit wahrgenommen wird, die ihr zuzumessen ist\u201c, so Scheitz. Sie sehe hier einen klaren Auftrag zur Aufkl\u00e4rung. \u201eWir m\u00fcssen weiterhin veranschaulichen, wie umfassend die positiven Wirkungen einer \u00f6kologischen Landwirtschaft sind, und wie wichtig diese Art der Bewirtschaftung ist, um unsere Natur und Umwelt auf f\u00fcr nachfolgende Generationen zu erhalten.\u201c Eine politische Kampagne k\u00f6nne hier sehr hilfreich sein.<\/p>\n<p>Fazit dieser Betriebsbesichtigung sei, so Patrick Friedl, dass Bio-Lebensmittel f\u00fcr alle Menschen erschwinglich werden sollten. MdL Friedl: \u201eDavon wird abh\u00e4ngen, dass Bio-Lebensmittel bis Mitte des Jahrhunderts eine wesentliche Grundlage unser aller Ern\u00e4hrung bilden k\u00f6nnen. Vorbildlichen Pionier-Betrieben, wie der Andechser Bio-Molkerei Schleitz, geb\u00fchrt unser gro\u00dfer Dank hier wichtige Wegbereiterin zu sein\u201c.<\/p>\n<p>Bild: Die Landtagsfraktion der Gr\u00fcnen zu Gast bei der Molkerei Scheitz in Andechs: Barbara Scheitz (hinten stehend) machte den G\u00e4sten um die MdLs Gisela Sengl, Hans Urban, Patrick Friedl und Christian Hierneis die Philosophie des Unternehmens deutlich. (Quelle: privat)<\/p>\n<p>Hier auch noch der Link zur Homepage der <a href=\"https:\/\/www.gruene-fraktion-bayern.de\/themen\/landwirtschaft-und-ernaehrung\/2019\/die-milch-im-fokus\/\" target=\"_blank\" rel=\"noopener noreferrer\">[Gr\u00fcnen im Bayerischen Landtag]<\/a><\/p>\n","protected":false},"excerpt":{"rendered":"<p>Gr\u00fcne Landtagsfraktion zu Gast bei der Bio-Molkerei Scheitz \u2013 Absatzmarkt f\u00fcr \u00d6koprodukte muss wachsen Andechs \u2013 Zu einem Austausch \u00fcber die aktuelle Situation der bayerischen Milchwirtschaft trafen sich auf Initiative [&hellip;]<\/p>\n","protected":false},"author":-1,"featured_media":161,"comment_status":"open","ping_status":"open","sticky":false,"template":"","format":"standard","meta":{"footnotes":""},"categories":[33],"tags":[],"class_list":["post-162","post","type-post","status-publish","format-standard","has-post-thumbnail","hentry","category-pressemitteilungen-weitere-themen"],"_links":{"self":[{"href":"https:\/\/patrick-friedl.de\/wps\/wp-json\/wp\/v2\/posts\/162","targetHints":{"allow":["GET"]}}],"collection":[{"href":"https:\/\/patrick-friedl.de\/wps\/wp-json\/wp\/v2\/posts"}],"about":[{"href":"https:\/\/patrick-friedl.de\/wps\/wp-json\/wp\/v2\/types\/post"}],"author":[{"embeddable":true,"href":"https:\/\/patrick-friedl.de\/wps\/wp-json\/wp\/v2\/users\/2"}],"replies":[{"embeddable":true,"href":"https:\/\/patrick-friedl.de\/wps\/wp-json\/wp\/v2\/comments?post=162"}],"version-history":[{"count":0,"href":"https:\/\/patrick-friedl.de\/wps\/wp-json\/wp\/v2\/posts\/162\/revisions"}],"wp:featuredmedia":[{"embeddable":true,"href":"https:\/\/patrick-friedl.de\/wps\/wp-json\/wp\/v2\/media\/161"}],"wp:attachment":[{"href":"https:\/\/patrick-friedl.de\/wps\/wp-json\/wp\/v2\/media?parent=162"}],"wp:term":[{"taxonomy":"category","embeddable":true,"href":"https:\/\/patrick-friedl.de\/wps\/wp-json\/wp\/v2\/categories?post=162"},{"taxonomy":"post_tag","embeddable":true,"href":"https:\/\/patrick-friedl.de\/wps\/wp-json\/wp\/v2\/tags?post=162"}],"curies":[{"name":"wp","href":"https:\/\/api.w.org\/{rel}","templated":true}]}}