{"id":158,"date":"2019-07-06T00:31:44","date_gmt":"2019-07-05T23:31:44","guid":{"rendered":"https:\/\/patrick-friedl.de\/wps\/2019\/07\/06\/gesundheitsrisiken-durch-klimawandel-ernst-nehmen\/"},"modified":"2019-07-06T00:31:44","modified_gmt":"2019-07-05T23:31:44","slug":"gesundheitsrisiken-durch-klimawandel-ernst-nehmen","status":"publish","type":"post","link":"https:\/\/patrick-friedl.de\/wps\/2019\/07\/06\/gesundheitsrisiken-durch-klimawandel-ernst-nehmen\/","title":{"rendered":"Gesundheitsrisiken durch Klimawandel ernst nehmen"},"content":{"rendered":"<h4>Patrick Friedl fordert Hitzeaktionspl\u00e4ne M\u00fcnchen<\/h4>\n<p>Die Zahl der Hitzetage mit Temperaturen von weit \u00fcber 30 Grad Celsius nimmt stetig zu, mit teils dramatischen Folgen f\u00fcr die Menschen in Bayern. So wurde im Klimareport 2015 eine erh\u00f6hte Zahl von Todesf\u00e4llen aufgrund von Herz-Kreislauf-Erkrankungen in den St\u00e4dten M\u00fcnchen, N\u00fcrnberg und Augsburg festgestellt, erkl\u00e4rte das Bayerische Gesundheitsministerium auf eine Anfrage des Sprechers f\u00fcr Klimaanpassung der Landtags-Gr\u00fcnen, Patrick Friedl. Der Klimareport st\u00fctzt sich dabei auf Zahlen von 1990 bis 2006.<\/p>\n<p>Patrick Friedl: \u201eIn den Jahren 2015, 2018 und aktuell im Juni 2019 hat es eine extreme Hitze in Bayern gegeben. Wir fordern die S\u00f6der-Regierung auf, eine aktuelle Studie f\u00fcr den Zeitraum 2014 bis heute zu erstellen, um aktuelle Erkenntnisse zu gewinnen und daraus ein \u201aHandlungspaket \u00dcberhitzungsschutz\u2018 f\u00fcr die Menschen in Bayern ableiten zu k\u00f6nnen.\u201c<\/p>\n<p>Dass weitere Untersuchungen und aktuelle Zahlen der S\u00f6der-Regierung fehlen, kritisiert auch die gesundheitspolitische Sprecherin der Landtags-Gr\u00fcnen, Christina Haubrich: \u201eGr\u00f6\u00dferen Temperaturschwankungen und lange Phasen anhaltend hoher Temperaturen, die die n\u00e4chtliche Erholung erschweren, setzen den Menschen zu. Diese Auswirkungen m\u00fcssen genauer untersucht werden und die Ergebnisse in ein \u201aHandlungspaket \u00dcberhitzungsschutz\u2018 einflie\u00dfen\u201c.<\/p>\n<p>Gerade in St\u00e4dten mit hohem Versiegelungsgrad, wie beispielsweise W\u00fcrzburg, f\u00fchren hohe Sommertemperaturen zu belastenden Situationen. \u201eWir m\u00fcssen die St\u00e4dte mit Hitzeaktionspl\u00e4nen unterst\u00fctzen und ihnen helfen, Gegenma\u00dfnahmen zu ergreifen, um eine zus\u00e4tzliche Aufheizung zu verhindern\u201c, fordert Patrick Friedl.<\/p>\n<p>Auch die Freihaltung von Frischluftschneisen, Erhaltung und Schaffung von Parks mit gro\u00dfen B\u00e4umen, die Verschattung und Begr\u00fcnung von innerst\u00e4dtischen R\u00e4umen oder die Schaffung offener Wasserfl\u00e4chen und Trinkwasserbrunnen seien wichtige Ma\u00dfnahmen. \u201eHier besteht dringender Handlungsbedarf, denn das Problem der \u00dcberhitzung in den St\u00e4dten und der daraus folgenden Belastung f\u00fcr die Menschen wird in den kommenden Jahren weiter zunehmen\u201c, so Patrick Friedl.<\/p>\n","protected":false},"excerpt":{"rendered":"<p>Patrick Friedl fordert Hitzeaktionspl\u00e4ne M\u00fcnchen Die Zahl der Hitzetage mit Temperaturen von weit \u00fcber 30 Grad Celsius nimmt stetig zu, mit teils dramatischen Folgen f\u00fcr die Menschen in Bayern. So [&hellip;]<\/p>\n","protected":false},"author":-1,"featured_media":0,"comment_status":"open","ping_status":"open","sticky":false,"template":"","format":"standard","meta":{"footnotes":""},"categories":[31],"tags":[],"class_list":["post-158","post","type-post","status-publish","format-standard","hentry","category-pressemitteilungen"],"_links":{"self":[{"href":"https:\/\/patrick-friedl.de\/wps\/wp-json\/wp\/v2\/posts\/158","targetHints":{"allow":["GET"]}}],"collection":[{"href":"https:\/\/patrick-friedl.de\/wps\/wp-json\/wp\/v2\/posts"}],"about":[{"href":"https:\/\/patrick-friedl.de\/wps\/wp-json\/wp\/v2\/types\/post"}],"author":[{"embeddable":true,"href":"https:\/\/patrick-friedl.de\/wps\/wp-json\/wp\/v2\/users\/2"}],"replies":[{"embeddable":true,"href":"https:\/\/patrick-friedl.de\/wps\/wp-json\/wp\/v2\/comments?post=158"}],"version-history":[{"count":0,"href":"https:\/\/patrick-friedl.de\/wps\/wp-json\/wp\/v2\/posts\/158\/revisions"}],"wp:attachment":[{"href":"https:\/\/patrick-friedl.de\/wps\/wp-json\/wp\/v2\/media?parent=158"}],"wp:term":[{"taxonomy":"category","embeddable":true,"href":"https:\/\/patrick-friedl.de\/wps\/wp-json\/wp\/v2\/categories?post=158"},{"taxonomy":"post_tag","embeddable":true,"href":"https:\/\/patrick-friedl.de\/wps\/wp-json\/wp\/v2\/tags?post=158"}],"curies":[{"name":"wp","href":"https:\/\/api.w.org\/{rel}","templated":true}]}}