{"id":153,"date":"2019-07-01T17:40:51","date_gmt":"2019-07-01T16:40:51","guid":{"rendered":"https:\/\/patrick-friedl.de\/wps\/2019\/07\/01\/ernsthafte-und-solide-finanzierung-fuer-uni-haw-wuerzburg\/"},"modified":"2019-07-01T17:40:51","modified_gmt":"2019-07-01T16:40:51","slug":"ernsthafte-und-solide-finanzierung-fuer-uni-haw-wuerzburg","status":"publish","type":"post","link":"https:\/\/patrick-friedl.de\/wps\/2019\/07\/01\/ernsthafte-und-solide-finanzierung-fuer-uni-haw-wuerzburg\/","title":{"rendered":"Ernsthafte und solide Finanzierung f\u00fcr Uni &#038; HAW W\u00fcrzburg"},"content":{"rendered":"<p><span style=\"font-size: 12pt;\"><strong>Pressemitteilung<\/strong> <\/span><\/p>\n<p><span style=\"font-size: 10pt;\">M\u00fcnchen\/W\u00fcrzburg, den 1. Juli 2019 <\/span><\/p>\n<p><span style=\"font-size: 10pt;\"><strong>KI-Forschung: Ernsthafte und solide Finanzierung dringend notwendig<\/strong> <\/span><\/p>\n<p><span style=\"font-size: 10pt;\">Gr\u00fcnen-MdL Patrick Friedl: Uni und HAW W\u00fcrzburg m\u00fcssen unterst\u00fctzt werden <\/span><\/p>\n<p><span style=\"font-size: 10pt;\">Im Dezember 2018 und mit Kabinettsbeschluss vom April 2019 hat die CSU-Regierung gro\u00dfspurig ein \u201eKompetenznetzwerk Bayern im Bereich K\u00fcnstliche Intelligenz (KI)\u201c verk\u00fcndet. Erst sollten es \u201erund 300 Millionen Euro f\u00fcr K\u00fcnstliche Maschinelle Intelligenz\u201c sein, dann nur noch \u201erund 130 Millionen Euro f\u00fcr das Kompetenznetzwerk\u201c und \u201e150 Millionen Euro f\u00fcr au\u00dferuniversit\u00e4re KI-Forschung\u201c. Im Doppelhaushalt 2019\/2020 sind hiervon nur 52,5 Millionen Euro f\u00fcr die au\u00dferuniversit\u00e4re Forschung angekommen. F\u00fcr die nur sechs im Kabinettsbeschluss genannten \u201eneuen Professuren\u201c an den drei Universit\u00e4ten TU M\u00fcnchen, LMU M\u00fcnchen und JMU W\u00fcrzburg und benannten neun Stellen an drei Fachhochschulen sind keine Stellenmehrungen in den Stellenpl\u00e4nen zu finden. Patrick Friedl: \u201eDas ist nicht mal ein Aufbr\u00fcchlein im Bereich K\u00fcnstliche Intelligenz. So wird Bayern weiter abgeh\u00e4ngt auf den Zukunftsfeldern der Forschung.\u201c <\/span><\/p>\n<p><span style=\"font-size: 10pt;\">Das hat die Landtagsfraktion der CSU offenbar selbst so gesehen, da sie heute mit einem Dringlichkeitsantrag beim Bund um zus\u00e4tzliche Mittel nachsucht, um doch noch einen wirklichen Aufbruch hin zu bekommen. W\u00f6rtlich hei\u00dft es in der Begr\u00fcndung zum Dringlichkeitsantrag der CSU-Landtagsfraktion: \u201eIm November 2018 hatte die Bundesregierung ihre KI-Strategie vorgelegt und angek\u00fcndigt, bis 2025 F\u00f6rdermittel in H\u00f6he von insgesamt 3 Mrd. Euro bereitzustellen. Im Bundeshaushalt sind aber bislang nur 500 Mio. Euro eingestellt und die Angelegenheit scheint auf der Stelle zu treten. Andere Volkswirtschaften wie China und die USA forcieren dagegen ihre KI-Forschungen mit Milliardensummen. Hier ist keine Zeit zu verlieren.\u201c <\/span><\/p>\n<p><span style=\"font-size: 10pt;\">Patrick Friedl: \u201eDie CSU-Regierung hat ihre Hausaufgaben auf dem Feld der KI-Forschung in Bayern nicht gemacht. Gro\u00dfe Ank\u00fcndigungen machen, nicht liefern, aber dann mit dem Finger auf den Bund zeigen, in dem die CSU mitregiert. So kann es nicht gehen.\u201c <\/span><\/p>\n<p><span style=\"font-size: 10pt;\">Patrick Friedl fordert endlich eine ernsthafte und solide Finanzierung der KI-Forschung, sp\u00e4testens im Nachtragshaushalt: \u201eNur dann hat die bayerische universit\u00e4re Forschung eine Chance im internationalen Forschungskonzert mitzuspielen. F\u00fcr W\u00fcrzburg hei\u00dft das: Wenn der Aufbruch in die KI-Forschung gelingen soll, m\u00fcssen wir den Aufbau der Kompetenznetzwerke an der Uni W\u00fcrzburg (Center for Artificial Intelligence in Research and Applications \u2013 CAIRA) und der HAW W\u00fcrzburg (Kompetenzzentrum f\u00fcr Artificial Intelligence und Robotik -KAIRO) von Beginn an ausk\u00f6mmlich finanzieren.\u201c<\/span><\/p>\n<p>\u00a0<\/p>\n<p>\u00a0<\/p>\n<p><span style=\"font-size: 10pt;\">Auch die <strong>MAINPOST<\/strong> hat das Thema wiederholt in ihrer Online &#8211; Ausgabe aufgegriffen:<\/span><\/p>\n<p><span style=\"font-size: 10pt;\">Hier finden Sie die entsprechenden Links zur Homepage der Zeitung:<br \/><\/span><\/p>\n<p><span style=\"font-size: 10pt;\"><strong><span style=\"text-decoration: underline;\"><a href=\"https:\/\/www.mainpost.de\/ueberregional\/wirtschaft\/uebersicht\/Kuenstliche-Intelligenz-Bayern-droht-Anschluss-zu-verlieren;art508804,10265669\" target=\"_blank\" rel=\"noopener noreferrer\">KI: Bayern droht den Aschlu\u00df zu verlieren<\/a><\/span><\/strong><\/span><\/p>\n<p><span style=\"font-size: 10pt;\"><strong><span style=\"text-decoration: underline;\"><a href=\"https:\/\/www.mainpost.de\/regional\/wuerzburg\/Kuenstliche-Intelligenz-in-Wuerzburg-Wo-bleibt-das-Zentrum;art735,10267257\" target=\"_blank\" rel=\"noopener noreferrer\">KI in W\u00fcrzburg: Wo bleibt das Zentrum? <\/a><\/span><\/strong><\/span><\/p>\n<p><span style=\"font-size: 10pt;\"><strong><span style=\"text-decoration: underline;\"><a href=\"https:\/\/www.mainpost.de\/regional\/wuerzburg\/Kommentar-Kuenstliche-Intelligenz-braucht-echtes-Geld;art735,10267476\" target=\"_blank\" rel=\"noopener noreferrer\">Kommentar: KI braucht echtes Geld<\/a><\/span><\/strong><\/span><\/p>\n<p>\u00a0<\/p>\n<p>\u00a0<\/p>\n","protected":false},"excerpt":{"rendered":"<p>Pressemitteilung M\u00fcnchen\/W\u00fcrzburg, den 1. Juli 2019 KI-Forschung: Ernsthafte und solide Finanzierung dringend notwendig Gr\u00fcnen-MdL Patrick Friedl: Uni und HAW W\u00fcrzburg m\u00fcssen unterst\u00fctzt werden Im Dezember 2018 und mit Kabinettsbeschluss vom [&hellip;]<\/p>\n","protected":false},"author":-1,"featured_media":0,"comment_status":"open","ping_status":"open","sticky":false,"template":"","format":"standard","meta":{"footnotes":""},"categories":[33],"tags":[],"class_list":["post-153","post","type-post","status-publish","format-standard","hentry","category-pressemitteilungen-weitere-themen"],"_links":{"self":[{"href":"https:\/\/patrick-friedl.de\/wps\/wp-json\/wp\/v2\/posts\/153","targetHints":{"allow":["GET"]}}],"collection":[{"href":"https:\/\/patrick-friedl.de\/wps\/wp-json\/wp\/v2\/posts"}],"about":[{"href":"https:\/\/patrick-friedl.de\/wps\/wp-json\/wp\/v2\/types\/post"}],"author":[{"embeddable":true,"href":"https:\/\/patrick-friedl.de\/wps\/wp-json\/wp\/v2\/users\/2"}],"replies":[{"embeddable":true,"href":"https:\/\/patrick-friedl.de\/wps\/wp-json\/wp\/v2\/comments?post=153"}],"version-history":[{"count":0,"href":"https:\/\/patrick-friedl.de\/wps\/wp-json\/wp\/v2\/posts\/153\/revisions"}],"wp:attachment":[{"href":"https:\/\/patrick-friedl.de\/wps\/wp-json\/wp\/v2\/media?parent=153"}],"wp:term":[{"taxonomy":"category","embeddable":true,"href":"https:\/\/patrick-friedl.de\/wps\/wp-json\/wp\/v2\/categories?post=153"},{"taxonomy":"post_tag","embeddable":true,"href":"https:\/\/patrick-friedl.de\/wps\/wp-json\/wp\/v2\/tags?post=153"}],"curies":[{"name":"wp","href":"https:\/\/api.w.org\/{rel}","templated":true}]}}