{"id":152,"date":"2019-06-28T16:18:16","date_gmt":"2019-06-28T15:18:16","guid":{"rendered":"https:\/\/patrick-friedl.de\/wps\/2019\/06\/28\/gruene-bewundern-einmalige-kulturschaetze-in-der-ausstellung-der-universitaetsbibliothek\/"},"modified":"2019-06-28T16:18:16","modified_gmt":"2019-06-28T15:18:16","slug":"gruene-bewundern-einmalige-kulturschaetze-in-der-ausstellung-der-universitaetsbibliothek","status":"publish","type":"post","link":"https:\/\/patrick-friedl.de\/wps\/2019\/06\/28\/gruene-bewundern-einmalige-kulturschaetze-in-der-ausstellung-der-universitaetsbibliothek\/","title":{"rendered":"Gr\u00fcne bewundern einmalige Kultursch\u00e4tze in der Ausstellung der Universit\u00e4tsbibliothek"},"content":{"rendered":"<p><span style=\"font-size: 12pt;\"><strong>Pressemitteilung <\/strong><\/span><\/p>\n<p><span style=\"font-size: 10pt;\">W\u00fcrzburg 28. Juni 2019<\/span><\/p>\n<p><span style=\"font-size: 12pt;\">Gr\u00fcne bewundern einmalige Kultursch\u00e4tze, spannend und lehrreich aufbereitet<\/span><\/p>\n<p><span style=\"font-size: 12pt;\"> Ausstellung zu 400 Jahre Universit\u00e4tsbibliothek bis 7. Juli verl\u00e4ngert<\/span><\/p>\n<p>Bibliotheksleiter Dr. Hans-G\u00fcnter Schmidt f\u00fchrte MdL Patrick Friedl und eine Gr\u00fcnen-Besuchergruppe durch die ebenso beeindruckende wie unterhaltsame Jubil\u00e4umsausstellung am Hubland, die wegen der gro\u00dfen Resonanz bis 7. Juli verl\u00e4ngert wurde. Der Leiter der W\u00fcrzburger Universit\u00e4tsbibliothek Dr. Hans-G\u00fcnter Schmidt hatte neben dem Landtagsabgeordneten Patrick Friedl weitere Stadt- Bezirks-, Kreis- und Gemeinder\u00e4t*innen sowie Vertreter*innen aus den Kreisverb\u00e4nden W\u00fcrzburg Stadt und Land zu einer F\u00fchrung durch die Ausstellung \u201eElfenbein und Ewigkeit\u201c im Geb\u00e4ude der Zentralbibliothek eingeladen. Darunter die Gr\u00fcnen-Fraktionsvorsitzende im Stadtrat Barbara Lehrieder, Stadtr\u00e4tin Karin Miethaner-Vent, Kreisr\u00e4tin Rita Heeg und Kreisrat Sven Winzenh\u00f6rlein. \u201eEs ist unglaublich, welche Kultursch\u00e4tze die Universit\u00e4tsbibliothek in W\u00fcrzburg beherbergt und wie viele davon hier zurzeit zu sehen sind\u201c, zeigte sich Friedl beeindruckt. Dazu geh\u00f6rten zahlreiche B\u00fccher und Dokumente wie das ber\u00fchmte Kiliansevangeliar, das Rundbuch f\u00fcr Julius Echter oder die prachtvolle Mainzer Riesenbibel. Besonders angetan hatte es den Teilnehmer*innen die Bibel in Ged\u00e4chtnisbildern, eine kl\u00f6sterliche Erinnerungshilfe f\u00fcr Bibelstellen. Dr. Schmidt bezeichnete sie scherzhaft als \u201eeine der wahrscheinlich \u00e4ltesten Mind-Maps der Welt\u201c. \u201eIch bin sehr froh, dass wir im Rahmen der Jubil\u00e4umsausstellung die einmalige Gelegenheit haben, so viele wertvolle und sehenswerte Schriften in dieser hervorragenden Zusammenstellung zeigen zu k\u00f6nnen\u201c, so der Bibliotheksleiter Dr. Hans-G\u00fcnter Schmidt \u00fcber die angebotene F\u00fchrung. Die \u201eW\u00fcrzburger L\u00fcgensteine\u201c, H\u00f6rbeispiele aus einem mittelalterlichen Choralbuch oder das speziell entwickelte Virtual-Reality-Spiel \u201eBarlock\u201c sorgten daf\u00fcr, dass auch Spa\u00df und Unterhaltung f\u00fcr die Besucher nicht zu kurz kamen. Friedl versuchte sich am eigens eingerichteten Schreibpult [im Bild] mit Tinte und Feder auf Pergament an mittelalterlicher Sch\u00f6nschrift. Obwohl sich der Erfolg hierbei in Grenzen hielt, war Friedl sowohl von der F\u00fchrung als auch von der Ausstellung begeistert: \u201eWas die Leitung und die Mitarbeiter*innen der Universit\u00e4tsbibliothek mit dieser Ausstellung auf die Beine gestellt haben, ist fantastisch und verdient allerh\u00f6chste Anerkennung. Ich freue mich sehr \u00fcber die Einladung und dar\u00fcber, dass die Ausstellung wegen der gro\u00dfen Resonanz noch bis 7. Juli verl\u00e4ngert wurde.\u201c Dem schlossen sich die \u00fcbrigen Teilnehmer*innen an und w\u00fcnschten Herrn Dr. Schmidt und seinem Team f\u00fcr die weiteren Veranstaltungen und Ausstellungen im Jubil\u00e4umsjahr viel Erfolg.<\/p>\n","protected":false},"excerpt":{"rendered":"<p>Pressemitteilung W\u00fcrzburg 28. Juni 2019 Gr\u00fcne bewundern einmalige Kultursch\u00e4tze, spannend und lehrreich aufbereitet Ausstellung zu 400 Jahre Universit\u00e4tsbibliothek bis 7. Juli verl\u00e4ngert Bibliotheksleiter Dr. Hans-G\u00fcnter Schmidt f\u00fchrte MdL Patrick Friedl [&hellip;]<\/p>\n","protected":false},"author":-1,"featured_media":151,"comment_status":"open","ping_status":"open","sticky":false,"template":"","format":"standard","meta":{"footnotes":""},"categories":[36],"tags":[],"class_list":["post-152","post","type-post","status-publish","format-standard","has-post-thumbnail","hentry","category-pressemitteilungen-landtagsabgeordneter"],"_links":{"self":[{"href":"https:\/\/patrick-friedl.de\/wps\/wp-json\/wp\/v2\/posts\/152","targetHints":{"allow":["GET"]}}],"collection":[{"href":"https:\/\/patrick-friedl.de\/wps\/wp-json\/wp\/v2\/posts"}],"about":[{"href":"https:\/\/patrick-friedl.de\/wps\/wp-json\/wp\/v2\/types\/post"}],"author":[{"embeddable":true,"href":"https:\/\/patrick-friedl.de\/wps\/wp-json\/wp\/v2\/users\/2"}],"replies":[{"embeddable":true,"href":"https:\/\/patrick-friedl.de\/wps\/wp-json\/wp\/v2\/comments?post=152"}],"version-history":[{"count":0,"href":"https:\/\/patrick-friedl.de\/wps\/wp-json\/wp\/v2\/posts\/152\/revisions"}],"wp:featuredmedia":[{"embeddable":true,"href":"https:\/\/patrick-friedl.de\/wps\/wp-json\/wp\/v2\/media\/151"}],"wp:attachment":[{"href":"https:\/\/patrick-friedl.de\/wps\/wp-json\/wp\/v2\/media?parent=152"}],"wp:term":[{"taxonomy":"category","embeddable":true,"href":"https:\/\/patrick-friedl.de\/wps\/wp-json\/wp\/v2\/categories?post=152"},{"taxonomy":"post_tag","embeddable":true,"href":"https:\/\/patrick-friedl.de\/wps\/wp-json\/wp\/v2\/tags?post=152"}],"curies":[{"name":"wp","href":"https:\/\/api.w.org\/{rel}","templated":true}]}}