{"id":150,"date":"2019-06-26T11:51:49","date_gmt":"2019-06-26T10:51:49","guid":{"rendered":"https:\/\/patrick-friedl.de\/wps\/2019\/06\/26\/statement-im-rahmen-des-thementags-klimaschutz-des-br\/"},"modified":"2019-06-26T11:51:49","modified_gmt":"2019-06-26T10:51:49","slug":"statement-im-rahmen-des-thementags-klimaschutz-des-br","status":"publish","type":"post","link":"https:\/\/patrick-friedl.de\/wps\/2019\/06\/26\/statement-im-rahmen-des-thementags-klimaschutz-des-br\/","title":{"rendered":"Statement im Rahmen des Thementags &#8222;Klimaschutz&#8220; des BR"},"content":{"rendered":"<p><span style=\"font-size: 12pt;\"><strong>W\u00fcrzburg, 26.06.2019<\/strong><\/span><\/p>\n<p>Der 26. Juni stand beim Bayerischen Rundfunk ganz im Thema des Klimaschutzes. Ich hatte im Rahmen des Thementages die M\u00f6glichkeit im Studio des BR in W\u00fcrzburg ein Statement abzugeben, welches w\u00e4hrend der Regionalzeit auf BR 2 gesendet wurde. Hier der Link <a href=\"http:\/\/patrick-friedl.de\/wps\/wp-content\/uploads\/2019\/06\/Mitschnitt.mp3\" target=\"_blank\" rel=\"noopener noreferrer\">[Regionalzeit BR 2]<\/a> zum kompletten Interview.<\/p>\n<p>\u00a0<\/p>\n<p>\u00a0<\/p>\n<p>\u00a0<\/p>\n","protected":false},"excerpt":{"rendered":"<p>W\u00fcrzburg, 26.06.2019 Der 26. Juni stand beim Bayerischen Rundfunk ganz im Thema des Klimaschutzes. Ich hatte im Rahmen des Thementages die M\u00f6glichkeit im Studio des BR in W\u00fcrzburg ein Statement [&hellip;]<\/p>\n","protected":false},"author":-1,"featured_media":144,"comment_status":"open","ping_status":"open","sticky":false,"template":"","format":"standard","meta":{"footnotes":""},"categories":[8],"tags":[],"class_list":["post-150","post","type-post","status-publish","format-standard","has-post-thumbnail","hentry","category-klimaanpassung"],"_links":{"self":[{"href":"https:\/\/patrick-friedl.de\/wps\/wp-json\/wp\/v2\/posts\/150","targetHints":{"allow":["GET"]}}],"collection":[{"href":"https:\/\/patrick-friedl.de\/wps\/wp-json\/wp\/v2\/posts"}],"about":[{"href":"https:\/\/patrick-friedl.de\/wps\/wp-json\/wp\/v2\/types\/post"}],"author":[{"embeddable":true,"href":"https:\/\/patrick-friedl.de\/wps\/wp-json\/wp\/v2\/users\/2"}],"replies":[{"embeddable":true,"href":"https:\/\/patrick-friedl.de\/wps\/wp-json\/wp\/v2\/comments?post=150"}],"version-history":[{"count":0,"href":"https:\/\/patrick-friedl.de\/wps\/wp-json\/wp\/v2\/posts\/150\/revisions"}],"wp:featuredmedia":[{"embeddable":true,"href":"https:\/\/patrick-friedl.de\/wps\/wp-json\/wp\/v2\/media\/144"}],"wp:attachment":[{"href":"https:\/\/patrick-friedl.de\/wps\/wp-json\/wp\/v2\/media?parent=150"}],"wp:term":[{"taxonomy":"category","embeddable":true,"href":"https:\/\/patrick-friedl.de\/wps\/wp-json\/wp\/v2\/categories?post=150"},{"taxonomy":"post_tag","embeddable":true,"href":"https:\/\/patrick-friedl.de\/wps\/wp-json\/wp\/v2\/tags?post=150"}],"curies":[{"name":"wp","href":"https:\/\/api.w.org\/{rel}","templated":true}]}}