{"id":148,"date":"2019-05-20T18:49:07","date_gmt":"2019-05-20T17:49:07","guid":{"rendered":"https:\/\/patrick-friedl.de\/wps\/2019\/05\/20\/rede-im-landtag-zum-doppelhaushalt\/"},"modified":"2019-05-20T18:49:07","modified_gmt":"2019-05-20T17:49:07","slug":"rede-im-landtag-zum-doppelhaushalt","status":"publish","type":"post","link":"https:\/\/patrick-friedl.de\/wps\/2019\/05\/20\/rede-im-landtag-zum-doppelhaushalt\/","title":{"rendered":"Rede im Landtag zum Doppelhaushalt"},"content":{"rendered":"<p><strong>Meine 2. Rede im Landtag zum Doppelhaushalt:<\/strong><\/p>\n<p>Die Umsetzung des Artenschutzvolksbegehrens wird im Haushalt nicht abgebildet. Wir Gr\u00fcnen wollen die Unteren Naturschutzbeh\u00f6rden (UNB) st\u00e4rken. Um den Artenschutz voranzutreiben, brauchen wir 100 neue Stellen bei den UNB, nicht nur acht.<\/p>\n<p>Die komplette Rede k\u00f6nnen Sie jederzeit auf meinem youtube-Kanal ansehen: <a href=\"https:\/\/youtu.be\/gv1TebrDbg8\" target=\"_blank\" rel=\"noopener noreferrer\">[Video zur Rede]<\/a><\/p>\n","protected":false},"excerpt":{"rendered":"<p>Meine 2. Rede im Landtag zum Doppelhaushalt: Die Umsetzung des Artenschutzvolksbegehrens wird im Haushalt nicht abgebildet. Wir Gr\u00fcnen wollen die Unteren Naturschutzbeh\u00f6rden (UNB) st\u00e4rken. Um den Artenschutz voranzutreiben, brauchen wir [&hellip;]<\/p>\n","protected":false},"author":-1,"featured_media":117,"comment_status":"open","ping_status":"open","sticky":false,"template":"","format":"standard","meta":{"footnotes":""},"categories":[12],"tags":[],"class_list":["post-148","post","type-post","status-publish","format-standard","has-post-thumbnail","hentry","category-reden-naturschutz"],"_links":{"self":[{"href":"https:\/\/patrick-friedl.de\/wps\/wp-json\/wp\/v2\/posts\/148","targetHints":{"allow":["GET"]}}],"collection":[{"href":"https:\/\/patrick-friedl.de\/wps\/wp-json\/wp\/v2\/posts"}],"about":[{"href":"https:\/\/patrick-friedl.de\/wps\/wp-json\/wp\/v2\/types\/post"}],"author":[{"embeddable":true,"href":"https:\/\/patrick-friedl.de\/wps\/wp-json\/wp\/v2\/users\/2"}],"replies":[{"embeddable":true,"href":"https:\/\/patrick-friedl.de\/wps\/wp-json\/wp\/v2\/comments?post=148"}],"version-history":[{"count":0,"href":"https:\/\/patrick-friedl.de\/wps\/wp-json\/wp\/v2\/posts\/148\/revisions"}],"wp:featuredmedia":[{"embeddable":true,"href":"https:\/\/patrick-friedl.de\/wps\/wp-json\/wp\/v2\/media\/117"}],"wp:attachment":[{"href":"https:\/\/patrick-friedl.de\/wps\/wp-json\/wp\/v2\/media?parent=148"}],"wp:term":[{"taxonomy":"category","embeddable":true,"href":"https:\/\/patrick-friedl.de\/wps\/wp-json\/wp\/v2\/categories?post=148"},{"taxonomy":"post_tag","embeddable":true,"href":"https:\/\/patrick-friedl.de\/wps\/wp-json\/wp\/v2\/tags?post=148"}],"curies":[{"name":"wp","href":"https:\/\/api.w.org\/{rel}","templated":true}]}}