{"id":147,"date":"2019-05-18T17:40:01","date_gmt":"2019-05-18T16:40:01","guid":{"rendered":"https:\/\/patrick-friedl.de\/wps\/2019\/05\/18\/wuerzburger-schueler-besuchen-den-landtag\/"},"modified":"2019-05-18T17:40:01","modified_gmt":"2019-05-18T16:40:01","slug":"wuerzburger-schueler-besuchen-den-landtag","status":"publish","type":"post","link":"https:\/\/patrick-friedl.de\/wps\/2019\/05\/18\/wuerzburger-schueler-besuchen-den-landtag\/","title":{"rendered":"W\u00fcrzburger Sch\u00fcler besuchen den Landtag"},"content":{"rendered":"<p><span style=\"font-size: 10pt;\"><strong><span style=\"font-size: 12pt;\">Besuch des Landtags<\/span> <\/strong><\/span><\/p>\n<p><span style=\"font-size: 10pt;\"><strong>M\u00fcnchen, 17. Mai 2019<\/strong><\/span><\/p>\n<p>Eine Sch\u00fclergruppe der Adolph-Kolping-Schule reiste nach M\u00fcnchen in den Landtag und nutzte die Gelegenheit, um einer Plenarsitzung beizuwohnen, die u.a. zum Thema hatte, das Wahlalter auf 16 Jahre herabzusetzen. Aber es ergab sich ebenfalls die Gelegenheit, mit den beiden Landtagsabgeordneten Patrick Friedl &amp; Kerstin Celina ins Gespr\u00e4ch zu kommen <a href=\"https:\/\/www.mainpost.de\/regional\/wuerzburg\/Celina-Cannabis-muss-entkriminalisiert-werden;art736,10240590\" target=\"_blank\" rel=\"noopener noreferrer\">[weiterlesen bei der Mainpost]<\/a><\/p>\n","protected":false},"excerpt":{"rendered":"<p>Besuch des Landtags M\u00fcnchen, 17. Mai 2019 Eine Sch\u00fclergruppe der Adolph-Kolping-Schule reiste nach M\u00fcnchen in den Landtag und nutzte die Gelegenheit, um einer Plenarsitzung beizuwohnen, die u.a. zum Thema hatte, [&hellip;]<\/p>\n","protected":false},"author":-1,"featured_media":146,"comment_status":"open","ping_status":"open","sticky":false,"template":"","format":"standard","meta":{"footnotes":""},"categories":[36],"tags":[],"class_list":["post-147","post","type-post","status-publish","format-standard","has-post-thumbnail","hentry","category-pressemitteilungen-landtagsabgeordneter"],"_links":{"self":[{"href":"https:\/\/patrick-friedl.de\/wps\/wp-json\/wp\/v2\/posts\/147","targetHints":{"allow":["GET"]}}],"collection":[{"href":"https:\/\/patrick-friedl.de\/wps\/wp-json\/wp\/v2\/posts"}],"about":[{"href":"https:\/\/patrick-friedl.de\/wps\/wp-json\/wp\/v2\/types\/post"}],"author":[{"embeddable":true,"href":"https:\/\/patrick-friedl.de\/wps\/wp-json\/wp\/v2\/users\/2"}],"replies":[{"embeddable":true,"href":"https:\/\/patrick-friedl.de\/wps\/wp-json\/wp\/v2\/comments?post=147"}],"version-history":[{"count":0,"href":"https:\/\/patrick-friedl.de\/wps\/wp-json\/wp\/v2\/posts\/147\/revisions"}],"wp:featuredmedia":[{"embeddable":true,"href":"https:\/\/patrick-friedl.de\/wps\/wp-json\/wp\/v2\/media\/146"}],"wp:attachment":[{"href":"https:\/\/patrick-friedl.de\/wps\/wp-json\/wp\/v2\/media?parent=147"}],"wp:term":[{"taxonomy":"category","embeddable":true,"href":"https:\/\/patrick-friedl.de\/wps\/wp-json\/wp\/v2\/categories?post=147"},{"taxonomy":"post_tag","embeddable":true,"href":"https:\/\/patrick-friedl.de\/wps\/wp-json\/wp\/v2\/tags?post=147"}],"curies":[{"name":"wp","href":"https:\/\/api.w.org\/{rel}","templated":true}]}}