{"id":1466,"date":"2025-02-17T11:18:37","date_gmt":"2025-02-17T11:18:37","guid":{"rendered":"https:\/\/patrick-friedl.de\/wps\/?p=1466"},"modified":"2025-02-17T11:34:56","modified_gmt":"2025-02-17T11:34:56","slug":"18-millionen-euro-fehlen-soeder-regierung-streicht-gelder-fuer-den-naturschutz","status":"publish","type":"post","link":"https:\/\/patrick-friedl.de\/wps\/2025\/02\/17\/18-millionen-euro-fehlen-soeder-regierung-streicht-gelder-fuer-den-naturschutz\/","title":{"rendered":"18 Millionen Euro fehlen \u2013 S\u00f6der-Regierung streicht Gelder f\u00fcr den Naturschutz"},"content":{"rendered":"\n<p>Die von der Staatsregierung verh\u00e4ngte <strong>Haushaltssperre von 15 Prozent <\/strong>wirkt sich massiv auf den Naturschutz aus. Zahlreiche laufende Ma\u00dfnahmen und neue Projekte, die f\u00fcr die Umsetzung der Volksbegehren-Ziele essenziell sind, stehen auf der Kippe. Landespflegeverb\u00e4nde und Naturschutzorganisationen warnen bereits vor gravierenden Finanzierungsl\u00fccken.<\/p>\n\n\n\n<p>Die S\u00fcddeutsche Zeitung: <a href=\"http:\/\/Natursch\u00fctzer beklagen 18-Millionen-Euro-L\u00fccke\">Natursch\u00fctzer beklagen 18-Millionen-Euro-L\u00fccke<\/a><\/p>\n\n\n\n<p><strong><em>Patrick Friedl<\/em><\/strong><em>, Sprecher f\u00fcr Naturschutz und Klimaanpassung, sagt: \u201eBeim Artenschutz kann man <strong>nicht<\/strong> mal eben <strong>eine \u201aPause\u2018 machen<\/strong>, nur weil die Priorit\u00e4ten im Haushalt im Moment woanders liegen. Wenn eine Tier- oder Pflanzenart nicht l\u00fcckenlos weitergesch\u00fctzt wird, dann ist <strong>sie im schlimmsten Fall weg<\/strong>, bis ein Projekt fortgef\u00fchrt wird. Darum ist das Spardiktat f\u00fcr den Umweltetat besonders <strong>fatal<\/strong>. <strong>Der zust\u00e4ndige Minister Glauber h\u00e4tte das erkennen und Schutzvorkehrungen treffen m\u00fcssen.<\/strong><\/em><\/p>\n\n\n\n<p>Zus\u00e4tzlich wurde <strong>Deutschland bereits vom Europ\u00e4ischen Gerichtshof wegen unzureichender Umsetzung der Fauna-Flora-Habitat-Richtlinie bei Flachlandm\u00e4hwiesen und Bergwiesen verurteilt.<\/strong> Eine weitere Missachtung des europ\u00e4ischen Naturschutzrechts k\u00f6nnte <strong>erneute Klagen und Strafzahlungen<\/strong> nach sich ziehen.<\/p>\n\n\n\n<p>Eine Anfrage der Landtags-Gr\u00fcnen zeigt zudem: Die Auszahlungen f\u00fcr Naturschutz- und Landschaftspflegema\u00dfnahmen wurden <strong>f\u00fcr 2025 vor\u00fcbergehend beschr\u00e4nkt<\/strong>. In Niederbayern sind beispielsweise 14 Antr\u00e4ge mit einem Gesamtvolumen von rund 450.000 Euro betroffen.<\/p>\n\n\n\n<p><strong>Diese Einschr\u00e4nkungen haben weitreichende Folgen:<\/strong><\/p>\n\n\n\n<ul class=\"wp-block-list\">\n<li>Kurzfristige Projekte liegen auf Eis.<\/li>\n\n\n\n<li>Viele Landwirtinnen und Landwirte, die in Zusammenarbeit mit Landschaftspflegeverb\u00e4nden Naturschutzma\u00dfnahmen umsetzen, geraten in finanzielle Unsicherheit.<\/li>\n\n\n\n<li>F\u00fcr manche Betriebe stellt die Naturschutzarbeit ein wichtiges wirtschaftliches Standbein dar, das nun gef\u00e4hrdet ist.<\/li>\n<\/ul>\n\n\n\n<p>Die Landtags-Gr\u00fcnen setzen sich deshalb daf\u00fcr ein, die e<strong>ntstandene Finanzierungsl\u00fccke von rund 18 Millionen Euro zu schlie\u00dfen<\/strong>. Angesichts anderer Staatsausgaben ist dies eine vergleichsweise geringe Summe, doch ihr Fehlen hat weitreichende Konsequenzen f\u00fcr Bayerns Naturschutzorganisationen und Landschaftspflegeverb\u00e4nde.<\/p>\n\n\n\n<p><strong><em>Patrick Friedl<\/em><\/strong>: \u201eWir Gr\u00fcne <strong>fordern,<\/strong> dass Ministerpr\u00e4sident S\u00f6der und Umweltminister Glauber die erfolgreiche Zusammenarbeit zwischen Naturschutz und Landwirtschaft mit <strong>ihren Sparma\u00dfnahmen nicht weiter gef\u00e4hrden<\/strong>. Unsere Landwirtinnen und Landwirte m\u00fcssen verl\u00e4sslich planen k\u00f6nnen und die bayerischen Artenschutzprogramme m\u00fcssen vor einem Zusammenstreichen bewahrt werden \u2013 <strong>dieser Bereich braucht keine schlechtere, sondern eine bessere finanzielle Ausstattung<\/strong>.\u201c<\/p>\n\n\n\n<p><strong>Die Haltung von Bayerns Umweltminister Thorsten Glauber zur Finanzierung des Naturschutzes kommentiert Friedl scharf:<\/strong>&nbsp;<em>\u201eWenn man CSU und Freien W\u00e4hlern so zuh\u00f6rt, fragt man sich wirklich, <strong>was \u00fcberhaupt noch in ihrer eigenen Verantwortung liegt<\/strong>. Sobald etwas krumm l\u00e4uft, scheint es aus Berlin her\u00fcbergeflattert zu sein. Dabei ist klar: <strong>Die Staatsregierung hat es in der Hand, das Notwendige f\u00fcr Umwelt- und Naturschutz zu tun.<\/strong><\/em><\/p>\n\n\n\n<p><em>Aktuell klafft hier <strong>eine L\u00fccke von gerade mal 18 Millionen Euro<\/strong>, die aber fl\u00e4chendeckend zur Gefahr wird, wenn den Landschaftspflegeverb\u00e4nden und Naturschutzorganisationen das Geld f\u00fcr den Erhalt unserer sch\u00f6nen Landschaft in Bayern ausgeht, <strong>insbesondere f\u00fcr Feldhamsterschutz, Moorrenaturierung oder Erhalt und Schaffung von Biotopen<\/strong>. Wenn Minister Glauber und Co. etwas am Natur- und Artenschutz liegen w\u00fcrde, h\u00e4tten sie l\u00e4ngst sichergestellt, dass dieses Geld da ist \u2013 trotz knapper Kassen.\u201c<\/em><\/p>\n\n\n\n<p>Die Gr\u00fcne-Landtagsfraktion berichtete: <a href=\"https:\/\/www.gruene-fraktion-bayern.de\/themen\/umwelt-natur\/statement-landtags-gruene-zu-naturschutzetat\/\">Statement Landtags-Gr\u00fcne zu Naturschutzetat<\/a> und <a href=\"https:\/\/www.gruene-fraktion-bayern.de\/themen\/umwelt-natur\/erfolge-des-volksbegehrens-sind-gefaehrdet\/\">Erfolge des Volksbegehrens sind gef\u00e4hrdet<\/a>.<\/p>\n\n\n\n<p>Bayerischer Rundfunk: <a href=\"https:\/\/www.br.de\/nachrichten\/bayern\/haushaltssperre-geht-bayern-beim-naturschutz-das-geld-aus,Ucb9wrk\">Haushaltssperre: Geht Bayern beim Naturschutz das Geld aus?<\/a><\/p>\n\n\n\n<p><\/p>\n","protected":false},"excerpt":{"rendered":"<p>Die von der Staatsregierung verh\u00e4ngte Haushaltssperre von 15 Prozent wirkt sich massiv auf den Naturschutz aus. Zahlreiche laufende Ma\u00dfnahmen und neue Projekte, die f\u00fcr die Umsetzung der Volksbegehren-Ziele essenziell sind, [&hellip;]<\/p>\n","protected":false},"author":-1,"featured_media":1467,"comment_status":"closed","ping_status":"closed","sticky":false,"template":"","format":"standard","meta":{"footnotes":""},"categories":[3,18,11,45,32,40],"tags":[],"class_list":["post-1466","post","type-post","status-publish","format-standard","has-post-thumbnail","hentry","category-landtag","category-landtagsabgeordneter","category-naturschutz","category-anfragen-im-landtag-2","category-pressemitteilungen-naturschutz","category-pressemitteilungen-corona"],"_links":{"self":[{"href":"https:\/\/patrick-friedl.de\/wps\/wp-json\/wp\/v2\/posts\/1466","targetHints":{"allow":["GET"]}}],"collection":[{"href":"https:\/\/patrick-friedl.de\/wps\/wp-json\/wp\/v2\/posts"}],"about":[{"href":"https:\/\/patrick-friedl.de\/wps\/wp-json\/wp\/v2\/types\/post"}],"author":[{"embeddable":true,"href":"https:\/\/patrick-friedl.de\/wps\/wp-json\/wp\/v2\/users\/8"}],"replies":[{"embeddable":true,"href":"https:\/\/patrick-friedl.de\/wps\/wp-json\/wp\/v2\/comments?post=1466"}],"version-history":[{"count":3,"href":"https:\/\/patrick-friedl.de\/wps\/wp-json\/wp\/v2\/posts\/1466\/revisions"}],"predecessor-version":[{"id":1471,"href":"https:\/\/patrick-friedl.de\/wps\/wp-json\/wp\/v2\/posts\/1466\/revisions\/1471"}],"wp:featuredmedia":[{"embeddable":true,"href":"https:\/\/patrick-friedl.de\/wps\/wp-json\/wp\/v2\/media\/1467"}],"wp:attachment":[{"href":"https:\/\/patrick-friedl.de\/wps\/wp-json\/wp\/v2\/media?parent=1466"}],"wp:term":[{"taxonomy":"category","embeddable":true,"href":"https:\/\/patrick-friedl.de\/wps\/wp-json\/wp\/v2\/categories?post=1466"},{"taxonomy":"post_tag","embeddable":true,"href":"https:\/\/patrick-friedl.de\/wps\/wp-json\/wp\/v2\/tags?post=1466"}],"curies":[{"name":"wp","href":"https:\/\/api.w.org\/{rel}","templated":true}]}}