{"id":1439,"date":"2024-12-19T15:36:33","date_gmt":"2024-12-19T15:36:33","guid":{"rendered":"https:\/\/patrick-friedl.de\/wps\/?p=1439"},"modified":"2024-12-20T07:55:14","modified_gmt":"2024-12-20T07:55:14","slug":"friedl-und-knoblach-warnen-vor-gefahren-durch-asiatische-hornisse-in-unterfranken","status":"publish","type":"post","link":"https:\/\/patrick-friedl.de\/wps\/2024\/12\/19\/friedl-und-knoblach-warnen-vor-gefahren-durch-asiatische-hornisse-in-unterfranken\/","title":{"rendered":"Friedl und Knoblach warnen vor Gefahren durch Asiatische Hornisse in Unterfranken"},"content":{"rendered":"\n<p><strong>Landtagsgr\u00fcne fordern eine Koordinationsstelle am Bienen-Institut in Veitsh\u00f6chheim<\/strong><\/p>\n\n\n\n<p>Die unterfr\u00e4nkischen Gr\u00fcnen-MdL Patrick Friedl und Paul Knoblach fordern die Bayerische Staatsregierung angesichts der zunehmenden Ausbreitung der Asiatischen Hornisse (Vespa velutina) in Unterfranken (beginnend auch in Mittelfranken und Schwaben) zum entschlossenen Handeln auf. Die Asiatische Hornisse ist eine aggressive invasive Art (so genannter \u201eNeozoe\u201c) und stellt eine ernsthafte Bedrohung f\u00fcr die heimische Imkerei sowie den Obst- und Weinanbau dar.<\/p>\n\n\n\n<p>Patrick Friedl MdL, Sprecher f\u00fcr Naturschutz und Mitglied im Umweltausschuss der Landtags: \u201eUntersuchungen in Frankreich zeigen, dass ganze Bienenv\u00f6lker von der Asiatischen Hornisse bedroht sind und bei hoher Nestdichte der Vespa velutina bis zu Dreiviertel der Obsternte gesch\u00e4digt werden k\u00f6nnen. Lassen wir die weitere Ausbreitung zu, kann dies zu erheblichen Sch\u00e4den bei Imkerei, Obst- und Weinbau sowie bei die ohnehin schon stark dezimierten Wildbienenvorkommen f\u00fchren.\u201c<\/p>\n\n\n\n<p>Die EU-Verordnung 1143\/2014 verpflichtet die Mitgliedsstaaten, unverz\u00fcglich Ma\u00dfnahmen zur Beseitigung oder zumindest zur Verhinderung der Ausbreitung dieser invasiven Art zu ergreifen. Die Landtagsgr\u00fcnen fordern daher mit einem <a href=\"https:\/\/www.bayern.landtag.de\/www\/ElanTextAblage_WP19\/Drucksachen\/Basisdrucksachen\/0000003000\/0000003258.pdf\">aktuellen Antrag<\/a> unter anderem die Einrichtung einer Koordinationsstelle zur Bek\u00e4mpfung der Asiatischen Hornisse. Diese soll Schulungen durchf\u00fchren, ehrenamtliche Suchteams betreuen und Insektenbestimmungsportale im Internet nutzbar machen, f\u00fcr eine erfolgreiche schnelle Bek\u00e4mpfung.<\/p>\n\n\n\n<p>Paul Knoblach, MdL und Mitglied im Landwirtschaftsausschuss: \u201eEs ist dringend erforderlich, den bisherigen Rahmen der Erfassung der Asiatischen Hornisse und ihrer Nester \u00fcber die haupts\u00e4chlich betroffene Imkerei hinaus zu erweitern und die \u00d6ffentlichkeit f\u00fcr dieses Problem sensibler zu machen.\u201c<\/p>\n\n\n\n<p>Die Landtagsgr\u00fcnen sehen in der noch \u00fcberschaubaren Zahl der Sichtungen in Unterfranken und Rest Bayerns eine Chance, die Ausbreitung der Asiatischen Hornisse noch zu verhindern. Sie appellieren deshalb an die Staatsregierung, umgehend zu handeln, um die Biodiversit\u00e4t und die wirtschaftlichen Interessen der bayerischen Landwirtschaft zu sch\u00fctzen. Knoblach und Friedl: \u201eNoch k\u00f6nnen wir den Schaden klein halten.\u201c<\/p>\n\n\n\n<p>Die Lage in Unterfranken ist allerdings bereits besorgniserregend. Dies ergab beigef\u00fcgte <a href=\"https:\/\/www.bayern.landtag.de\/www\/ElanTextAblage_WP19\/Drucksachen\/Basisdrucksachen\/0000002500\/0000002864_044.pdf\">Antwort auf eine Anfrage<\/a> von Patrick Friedl. Allein im Sommer 2024 wurden \u00fcber 10 Nester der Asiatischen Hornisse mit bis zu 270 K\u00f6niginnen darin entdeckt. \u201eDaher ist von einer hohen Ausbreitungsgeschwindigkeit auszugehen, wenn die Anstrengung f\u00fcr Sichtung und Beseitigung der Nester nicht erheblich verbessert und beschleunigt wird,\u201c so der naturschutzpolitische Sprecher der Landtagsgr\u00fcnen.<\/p>\n","protected":false},"excerpt":{"rendered":"<p>Landtagsgr\u00fcne fordern eine Koordinationsstelle am Bienen-Institut in Veitsh\u00f6chheim Die unterfr\u00e4nkischen Gr\u00fcnen-MdL Patrick Friedl und Paul Knoblach fordern die Bayerische Staatsregierung angesichts der zunehmenden Ausbreitung der Asiatischen Hornisse (Vespa velutina) in [&hellip;]<\/p>\n","protected":false},"author":-1,"featured_media":1440,"comment_status":"closed","ping_status":"closed","sticky":false,"template":"","format":"standard","meta":{"footnotes":""},"categories":[11,32,24],"tags":[],"class_list":["post-1439","post","type-post","status-publish","format-standard","has-post-thumbnail","hentry","category-naturschutz","category-pressemitteilungen-naturschutz","category-unterfranken"],"_links":{"self":[{"href":"https:\/\/patrick-friedl.de\/wps\/wp-json\/wp\/v2\/posts\/1439","targetHints":{"allow":["GET"]}}],"collection":[{"href":"https:\/\/patrick-friedl.de\/wps\/wp-json\/wp\/v2\/posts"}],"about":[{"href":"https:\/\/patrick-friedl.de\/wps\/wp-json\/wp\/v2\/types\/post"}],"author":[{"embeddable":true,"href":"https:\/\/patrick-friedl.de\/wps\/wp-json\/wp\/v2\/users\/2"}],"replies":[{"embeddable":true,"href":"https:\/\/patrick-friedl.de\/wps\/wp-json\/wp\/v2\/comments?post=1439"}],"version-history":[{"count":3,"href":"https:\/\/patrick-friedl.de\/wps\/wp-json\/wp\/v2\/posts\/1439\/revisions"}],"predecessor-version":[{"id":1444,"href":"https:\/\/patrick-friedl.de\/wps\/wp-json\/wp\/v2\/posts\/1439\/revisions\/1444"}],"wp:featuredmedia":[{"embeddable":true,"href":"https:\/\/patrick-friedl.de\/wps\/wp-json\/wp\/v2\/media\/1440"}],"wp:attachment":[{"href":"https:\/\/patrick-friedl.de\/wps\/wp-json\/wp\/v2\/media?parent=1439"}],"wp:term":[{"taxonomy":"category","embeddable":true,"href":"https:\/\/patrick-friedl.de\/wps\/wp-json\/wp\/v2\/categories?post=1439"},{"taxonomy":"post_tag","embeddable":true,"href":"https:\/\/patrick-friedl.de\/wps\/wp-json\/wp\/v2\/tags?post=1439"}],"curies":[{"name":"wp","href":"https:\/\/api.w.org\/{rel}","templated":true}]}}