{"id":1429,"date":"2024-12-19T12:15:23","date_gmt":"2024-12-19T12:15:23","guid":{"rendered":"https:\/\/patrick-friedl.de\/wps\/?p=1429"},"modified":"2024-12-19T13:55:49","modified_gmt":"2024-12-19T13:55:49","slug":"auszeichnung-der-klimaschulen-in-bronze-und-silber-in-wuerzburg","status":"publish","type":"post","link":"https:\/\/patrick-friedl.de\/wps\/2024\/12\/19\/auszeichnung-der-klimaschulen-in-bronze-und-silber-in-wuerzburg\/","title":{"rendered":"Auszeichnung der Klimaschulen in Bronze und Silber in W\u00fcrzburg"},"content":{"rendered":"\n<p>Am 17. Dezember wurden in der Regierung Unterfranken in W\u00fcrzburg die Klimaschulen aus der Oberpfalz, Ober-, Mittel- und Unterfranken in Bronze und Silber ausgezeichnet. Das Programm \u201eKlimaschule Bayern\u201c, initiiert von den Bayerischen Staatsministerien f\u00fcr Umwelt und Verbraucherschutz und f\u00fcr Unterricht und Kultus, m\u00f6chte die Sch\u00fclerinnen und Sch\u00fcler f\u00fcr den Klimawandel und -schutz sensibilisieren und Anreize schaffen, die Treibhausgasemissionen an den Schulen zu senken.<\/p>\n\n\n\n<p>Nach einem kurzen Empfang begr\u00fc\u00dfte Herr Regierungsvizepr\u00e4sident Jochen Lange alle Teilnehmer<em>innen und G\u00e4ste im Gro\u00dfen Sitzungssaal. Musikalisch begleitet wurde die Veranstaltung von Sch\u00fcler<\/em>innen des Friedrich-List-Gymnasiums Gem\u00fcnden, an dessen Auftaktveranstaltung Patrick Friedl bereits im November bei einer Podiumsdiskussion mitwirken durfte. Umso sch\u00f6ner war es, einen Monat sp\u00e4ter dabei sein zu k\u00f6nnen, wie die Schule ihre silberne Auszeichnung als Klimaschule ausgeh\u00e4ndigt bekam (im Bild).<br>Insgesamt 23 Grund-, Mittel-, Real- und Berufsschulen sowie Gymnasien aus Nordbayern wurden geehrt. <\/p>\n\n\n\n<p>Sie haben die unterschiedlichsten Projekte entwickelt, ihre Schulen klimafreundlicher zu gestalten. In der Grundschule Mespelbrunn beispielsweise begannen Sch\u00fcler<em>innen als \u201eStromdetektiv<\/em>innen\u201c Strom zu sparen, woraus sich das Maskottchen der Schule \u201eStromi\u201c entwickelte. Als Schl\u00fcsselanh\u00e4nger oder Stress-Ball wird das Maskottchen mittlerweile sogar au\u00dferhalb der Schule verteilt. Daraus hervorgehende Spenden wurden zur Realisierung der Klimaschule verwendet oder an CO2-bindende Projekte weitergegeben.<br><br>Bei einem veganen und vegetarischen Buffet in der Mensa der Regierung Unterfranken konnten Alle im Anschluss nochmal die Projekte der einzelnen Schulen bestaunen und sich untereinander austauschen und begl\u00fcckw\u00fcnschen.<br><br>Herzlichen Gl\u00fcckwunsch an alle Preistr\u00e4ger*innen, vielen Dank f\u00fcr Euer Engagement und weiterhin gro\u00dfen Erfolg f\u00fcr die hoffentlich bald klimaneutrale Zukunft!<\/p>\n\n\n\n<p><\/p>\n","protected":false},"excerpt":{"rendered":"<p>Am 17. Dezember wurden in der Regierung Unterfranken in W\u00fcrzburg die Klimaschulen aus der Oberpfalz, Ober-, Mittel- und Unterfranken in Bronze und Silber ausgezeichnet. Das Programm \u201eKlimaschule Bayern\u201c, initiiert von [&hellip;]<\/p>\n","protected":false},"author":-1,"featured_media":1433,"comment_status":"closed","ping_status":"closed","sticky":false,"template":"","format":"standard","meta":{"footnotes":""},"categories":[24],"tags":[],"class_list":["post-1429","post","type-post","status-publish","format-standard","has-post-thumbnail","hentry","category-unterfranken"],"_links":{"self":[{"href":"https:\/\/patrick-friedl.de\/wps\/wp-json\/wp\/v2\/posts\/1429","targetHints":{"allow":["GET"]}}],"collection":[{"href":"https:\/\/patrick-friedl.de\/wps\/wp-json\/wp\/v2\/posts"}],"about":[{"href":"https:\/\/patrick-friedl.de\/wps\/wp-json\/wp\/v2\/types\/post"}],"author":[{"embeddable":true,"href":"https:\/\/patrick-friedl.de\/wps\/wp-json\/wp\/v2\/users\/2"}],"replies":[{"embeddable":true,"href":"https:\/\/patrick-friedl.de\/wps\/wp-json\/wp\/v2\/comments?post=1429"}],"version-history":[{"count":3,"href":"https:\/\/patrick-friedl.de\/wps\/wp-json\/wp\/v2\/posts\/1429\/revisions"}],"predecessor-version":[{"id":1438,"href":"https:\/\/patrick-friedl.de\/wps\/wp-json\/wp\/v2\/posts\/1429\/revisions\/1438"}],"wp:featuredmedia":[{"embeddable":true,"href":"https:\/\/patrick-friedl.de\/wps\/wp-json\/wp\/v2\/media\/1433"}],"wp:attachment":[{"href":"https:\/\/patrick-friedl.de\/wps\/wp-json\/wp\/v2\/media?parent=1429"}],"wp:term":[{"taxonomy":"category","embeddable":true,"href":"https:\/\/patrick-friedl.de\/wps\/wp-json\/wp\/v2\/categories?post=1429"},{"taxonomy":"post_tag","embeddable":true,"href":"https:\/\/patrick-friedl.de\/wps\/wp-json\/wp\/v2\/tags?post=1429"}],"curies":[{"name":"wp","href":"https:\/\/api.w.org\/{rel}","templated":true}]}}