{"id":141,"date":"2019-05-10T08:38:37","date_gmt":"2019-05-10T07:38:37","guid":{"rendered":"https:\/\/patrick-friedl.de\/wps\/2019\/05\/10\/verkehrs-und-agrarwende-sind-noetig\/"},"modified":"2019-05-10T08:38:37","modified_gmt":"2019-05-10T07:38:37","slug":"verkehrs-und-agrarwende-sind-noetig","status":"publish","type":"post","link":"https:\/\/patrick-friedl.de\/wps\/2019\/05\/10\/verkehrs-und-agrarwende-sind-noetig\/","title":{"rendered":"Verkehrs- und Agrarwende sind n\u00f6tig"},"content":{"rendered":"<p>In der heutigen Ausgabe der Bayerischen Staatszeitung kommt der W\u00fcrzburger Landtagsabgeordnete Patrick Friedl zu Wort: Klimaschutz in die Verfassung &#8211; dies ist das Ziel Friedls und seiner Mitstreiter, denn: &#8222;die Verfassung sollte ein Abbild dessen sein, was in der Gesellschaft die wirklich wichtigen Themen sind&#8220;, so Friedl. Im Interview \u00e4u\u00dfert sich der MdL zum aktuellen Stand, einer CO2-Steuer und anderen Aspekten, die dringend in Angriff genommen werden m\u00fcssen, um wirkliche Ver\u00e4nderungen zu erreichen. [<a href=\"https:\/\/www.bayerische-staatszeitung.de\/staatszeitung\/politik\/detailansicht-politik\/artikel\/wir-brauchen-auch-eine-verkehrs-und-agrarwende.html#topPosition\">weiterlesen bei BSZ<\/a>]<\/p>\n","protected":false},"excerpt":{"rendered":"<p>In der heutigen Ausgabe der Bayerischen Staatszeitung kommt der W\u00fcrzburger Landtagsabgeordnete Patrick Friedl zu Wort: Klimaschutz in die Verfassung &#8211; dies ist das Ziel Friedls und seiner Mitstreiter, denn: &#8222;die [&hellip;]<\/p>\n","protected":false},"author":-1,"featured_media":140,"comment_status":"open","ping_status":"open","sticky":false,"template":"","format":"standard","meta":{"footnotes":""},"categories":[14],"tags":[],"class_list":["post-141","post","type-post","status-publish","format-standard","has-post-thumbnail","hentry","category-weitere-themen"],"_links":{"self":[{"href":"https:\/\/patrick-friedl.de\/wps\/wp-json\/wp\/v2\/posts\/141","targetHints":{"allow":["GET"]}}],"collection":[{"href":"https:\/\/patrick-friedl.de\/wps\/wp-json\/wp\/v2\/posts"}],"about":[{"href":"https:\/\/patrick-friedl.de\/wps\/wp-json\/wp\/v2\/types\/post"}],"author":[{"embeddable":true,"href":"https:\/\/patrick-friedl.de\/wps\/wp-json\/wp\/v2\/users\/2"}],"replies":[{"embeddable":true,"href":"https:\/\/patrick-friedl.de\/wps\/wp-json\/wp\/v2\/comments?post=141"}],"version-history":[{"count":0,"href":"https:\/\/patrick-friedl.de\/wps\/wp-json\/wp\/v2\/posts\/141\/revisions"}],"wp:featuredmedia":[{"embeddable":true,"href":"https:\/\/patrick-friedl.de\/wps\/wp-json\/wp\/v2\/media\/140"}],"wp:attachment":[{"href":"https:\/\/patrick-friedl.de\/wps\/wp-json\/wp\/v2\/media?parent=141"}],"wp:term":[{"taxonomy":"category","embeddable":true,"href":"https:\/\/patrick-friedl.de\/wps\/wp-json\/wp\/v2\/categories?post=141"},{"taxonomy":"post_tag","embeddable":true,"href":"https:\/\/patrick-friedl.de\/wps\/wp-json\/wp\/v2\/tags?post=141"}],"curies":[{"name":"wp","href":"https:\/\/api.w.org\/{rel}","templated":true}]}}