{"id":1326,"date":"2021-07-28T11:27:00","date_gmt":"2021-07-28T10:27:00","guid":{"rendered":"https:\/\/patrick-friedl.de\/wps\/?p=1326"},"modified":"2024-08-30T11:32:28","modified_gmt":"2024-08-30T10:32:28","slug":"bayern-unter-wasser","status":"publish","type":"post","link":"https:\/\/patrick-friedl.de\/wps\/2021\/07\/28\/bayern-unter-wasser\/","title":{"rendered":"Bayern unter Wasser"},"content":{"rendered":"\n<p>Die aktuellen Starkregen und Sturzfluten in Europa sowie die Extrem-Hitze und Waldbr\u00e4nde in<br>Nordamerika haben eine gemeinsame Ursache, den anthropogenen Klimawandel, d.h. die vom<br>Menschen wesentlich verursachte Klimaerhitzung. Das letzte Jahrzehnt ist unter anderem gepr\u00e4gt<br>von einem signifikanten Anstieg der weltweiten Durchschnittstemperatur, Erw\u00e4rmung der Meere und<br>Abschmelzen der Polkappen. Hierdurch werden die klimatischen Bedingungen erheblich beeinflusst.<br>Starkregen, Sturzfluten, Hitzewellen und D\u00fcrren auch in gem\u00e4\u00dfigten Breiten der Nordhalbkugel der Erde<br>nehmen zu. Nach drei erheblich zu warmen und trockenen Jahren mit zeitweisen Hitzewellen erlebt<br>Deutschland und insbesondere Bayern ein sehr feuchtes Jahr mit zahlreichen Starkregenereignissen mit<br>Tagesniederschl\u00e4gen von zum Teil deutlich \u00fcber 100 Liter pro Quadratmeter. Dabei kommt es geh\u00e4uft zu<br>Hochwassersituationen, die oft jenseits von Jahrhunderthochwassern liegen.<br>In den vergangenen Jahrzehnten wurde die Entw\u00e4sserung unserer Landschaften mit Gr\u00e4ben, Rohren,<br>Drainagen, Kan\u00e4len sowie begradigten B\u00e4chen und Fl\u00fcssen beschleunigt. Hinzu kommen die verst\u00e4rkte<br>Versiegelung und die intensive Bewirtschaftung der Fl\u00e4chen, die Herausnahme von Hecken und Feldrainen<br>und die Verdichtung der B\u00f6den. Dies alles hat die Abflussgeschwindigkeiten und den Bodenabtrag aus<br>der Fl\u00e4che erh\u00f6ht und versch\u00e4rft die Bedrohung durch Sturzfluten und Hochwasser. Um den wachsenden<br>Hochwassergefahren zu begegnen, braucht es neben Klimaschutz und Anpassung an die klimatischen<br>Ver\u00e4nderungen vor allem die R\u00fcckg\u00e4ngigmachung dieser Landschaftsver\u00e4nderungen.<\/p>\n\n\n\n<p>Das gesamte <a href=\"http:\/\/patrick-friedl.de\/wps\/wp-content\/uploads\/2024\/08\/20210728_Positionspapier_Bayern_unter_Wasser.pdf\">Positionspapier &#8211; Bayern unter Wasser (PDF)<\/a><\/p>\n","protected":false},"excerpt":{"rendered":"<p>Die aktuellen Starkregen und Sturzfluten in Europa sowie die Extrem-Hitze und Waldbr\u00e4nde inNordamerika haben eine gemeinsame Ursache, den anthropogenen Klimawandel, d.h. die vomMenschen wesentlich verursachte Klimaerhitzung. Das letzte Jahrzehnt ist [&hellip;]<\/p>\n","protected":false},"author":-1,"featured_media":1327,"comment_status":"closed","ping_status":"closed","sticky":false,"template":"","format":"standard","meta":{"footnotes":""},"categories":[47],"tags":[],"class_list":["post-1326","post","type-post","status-publish","format-standard","has-post-thumbnail","hentry","category-positionen"],"_links":{"self":[{"href":"https:\/\/patrick-friedl.de\/wps\/wp-json\/wp\/v2\/posts\/1326","targetHints":{"allow":["GET"]}}],"collection":[{"href":"https:\/\/patrick-friedl.de\/wps\/wp-json\/wp\/v2\/posts"}],"about":[{"href":"https:\/\/patrick-friedl.de\/wps\/wp-json\/wp\/v2\/types\/post"}],"author":[{"embeddable":true,"href":"https:\/\/patrick-friedl.de\/wps\/wp-json\/wp\/v2\/users\/8"}],"replies":[{"embeddable":true,"href":"https:\/\/patrick-friedl.de\/wps\/wp-json\/wp\/v2\/comments?post=1326"}],"version-history":[{"count":1,"href":"https:\/\/patrick-friedl.de\/wps\/wp-json\/wp\/v2\/posts\/1326\/revisions"}],"predecessor-version":[{"id":1328,"href":"https:\/\/patrick-friedl.de\/wps\/wp-json\/wp\/v2\/posts\/1326\/revisions\/1328"}],"wp:featuredmedia":[{"embeddable":true,"href":"https:\/\/patrick-friedl.de\/wps\/wp-json\/wp\/v2\/media\/1327"}],"wp:attachment":[{"href":"https:\/\/patrick-friedl.de\/wps\/wp-json\/wp\/v2\/media?parent=1326"}],"wp:term":[{"taxonomy":"category","embeddable":true,"href":"https:\/\/patrick-friedl.de\/wps\/wp-json\/wp\/v2\/categories?post=1326"},{"taxonomy":"post_tag","embeddable":true,"href":"https:\/\/patrick-friedl.de\/wps\/wp-json\/wp\/v2\/tags?post=1326"}],"curies":[{"name":"wp","href":"https:\/\/api.w.org\/{rel}","templated":true}]}}