{"id":1309,"date":"2024-08-29T11:35:13","date_gmt":"2024-08-29T10:35:13","guid":{"rendered":"https:\/\/patrick-friedl.de\/wps\/?p=1309"},"modified":"2024-08-30T11:11:48","modified_gmt":"2024-08-30T10:11:48","slug":"hitzeschutz-soeder-regierung-darf-sich-nicht-aus-der-verantwortung-stehlen","status":"publish","type":"post","link":"https:\/\/patrick-friedl.de\/wps\/2024\/08\/29\/hitzeschutz-soeder-regierung-darf-sich-nicht-aus-der-verantwortung-stehlen\/","title":{"rendered":"Hitzeschutz: \u201eS\u00f6der-Regierung darf sich nicht aus der Verantwortung stehlen\u201c"},"content":{"rendered":"\n<p><strong>Ursula Sowa, Sprecherin f\u00fcr Bau, und Patrick Friedl, Sprecher f\u00fcr Klimaanpassung der Landtags-Gr\u00fcnen kommentieren die Hitzeschutzstrategie des Bundes und appellieren an die Verantwortung der Staatsregierung.<\/strong><\/p>\n\n\n\n<p>Der Deutsche Wetterdienst sprach vergangene Woche wieder Hitzewarnungen f\u00fcr ganz Bayern aus. Im oberfr\u00e4nkischen Bamberg wurden 35,2 Grad gemessen. Im unterfr\u00e4nkischen Kitzingen bis zu 36,1 Grad. Die Hitze belastet Mensch und Umwelt. Umso wichtiger ist es, dass wir uns vor der Hitze sch\u00fctzen. Die Kommunen kennen die unmittelbaren Auswirkungen vor Ort, entsprechend k\u00f6nnen sie am besten die geeigneten Ma\u00dfnahmen gegen Hitze planen und umsetzen.&nbsp;<\/p>\n\n\n\n<p>Das Bundesbauministerium will die Akteure vor Ort bei der Hitzevorsorge unterst\u00fctzen und hat eine Strategie f\u00fcr den Hitzeschutz in der Stadtentwicklung und im Bauwesen vorgelegt. Die Handlungsstrategie gibt Hinweise, wie ortsangepasste L\u00f6sungen entwickelt, wie Hitzeinseln vermieden werden k\u00f6nnen und welche Entwicklung im Stadtraum zuk\u00fcnftig notwendig wird, damit St\u00e4dte auch im Sommer lebenswerte Orte sind.<\/p>\n\n\n\n<p><strong>Ursula Sowa<\/strong>: \u201eDie Hitzeschutzstrategie des Bundes ist eine gute Nachricht. Sie zeigt, welche Ma\u00dfnahmen gegen Hitze&nbsp;bereits&nbsp;greifen, was Kommunen, Stadtplaner*innen&nbsp;und Bauingenieur*innen&nbsp;tun k\u00f6nnen, um Hitzeinseln in St\u00e4dten&nbsp;und Gemeinden&nbsp;zu vermeiden. Aber auch der Freistaat ist gefragt den Kommunen unter die Arme zu greifen. Die S\u00f6der-Regierung darf sich nicht aus der Verantwortung&nbsp;stehlen.\u201c<\/p>\n\n\n\n<p><strong>Patrick Friedl<\/strong>:\u201eJede&nbsp;durch Hitze gef\u00e4hrdete&nbsp;Kommune in Bayern sollte so bald wie m\u00f6glich einen Hitzeaktionsplan&nbsp;erstellen&nbsp;und&nbsp;in Umsetzung&nbsp;bringen. Daf\u00fcr hat die&nbsp;S\u00f6der-Regierung Sorge zu tragen. Sie muss&nbsp;wirksame&nbsp;Anreize schaffen. Leider haben derzeit&nbsp;erst sechsKommunen in Bayern Hitzeaktionspl\u00e4ne.&nbsp;So auf unsere Initiative bereits in W\u00fcrzburg StadtundLandkreis.&nbsp;Das fehlende Wissen, was tun bei extremer Hitze, birgt f\u00fcr vieleKommunen ein hohes Risiko bei&nbsp;sich versch\u00e4rfenden&nbsp;Hitzewellen. Wir fordern von der Staatsregierung&nbsp;endlich eineumfassende Finanzierung von Klimaanpassungsma\u00dfnahmen. F\u00fcr die Kommunen ist es elementar, dass sie Konzepte entwickeln k\u00f6nnen, um sich an die sich versch\u00e4rfende klimatische Lage anzupassen.\u201c<\/p>\n\n\n\n<p><strong>Ursula Sowa<\/strong>: \u201eWir brauchen mehr Gr\u00fcn- und Wasserfl\u00e4chen in unseren St\u00e4dten, die f\u00fcr K\u00fchlung sorgen. Wir brauchen mehr B\u00e4ume, die Schatten spenden. Auch D\u00e4cher und Fassaden lassen sich begr\u00fcnen. Durch qualifizierte Freifl\u00e4chengestaltungspl\u00e4ne, die zur Baugenehmigung verpflichtend eingereicht werden m\u00fcssten, k\u00f6nnten wir viel bewirken. Es ist klar, die Bayerische Bauordnung muss gr\u00fcner werden. Daf\u00fcr setzen wir Gr\u00fcne uns im Landtag ein.\u201c<\/p>\n\n\n\n<p><a href=\"https:\/\/www.bmwsb.bund.de\/SharedDocs\/downloads\/Webs\/BMWSB\/DE\/publikationen\/stadtentwicklung\/hitzeschutzstrategie.pdf?__blob=publicationFile&amp;v=4\"><strong><em>Handlungsstrategie des Bundes: &#8222;Hitzeschutz. Eine Handlungsstrategie f\u00fcr die Stadtentwicklung und das Bauwesen.<\/em><\/strong>&#8222;<\/a><\/p>\n","protected":false},"excerpt":{"rendered":"<p>Ursula Sowa, Sprecherin f\u00fcr Bau, und Patrick Friedl, Sprecher f\u00fcr Klimaanpassung der Landtags-Gr\u00fcnen kommentieren die Hitzeschutzstrategie des Bundes und appellieren an die Verantwortung der Staatsregierung. Der Deutsche Wetterdienst sprach vergangene [&hellip;]<\/p>\n","protected":false},"author":-1,"featured_media":1319,"comment_status":"closed","ping_status":"closed","sticky":false,"template":"","format":"standard","meta":{"footnotes":""},"categories":[8,3,31,40],"tags":[],"class_list":["post-1309","post","type-post","status-publish","format-standard","has-post-thumbnail","hentry","category-klimaanpassung","category-landtag","category-pressemitteilungen","category-pressemitteilungen-corona"],"_links":{"self":[{"href":"https:\/\/patrick-friedl.de\/wps\/wp-json\/wp\/v2\/posts\/1309","targetHints":{"allow":["GET"]}}],"collection":[{"href":"https:\/\/patrick-friedl.de\/wps\/wp-json\/wp\/v2\/posts"}],"about":[{"href":"https:\/\/patrick-friedl.de\/wps\/wp-json\/wp\/v2\/types\/post"}],"author":[{"embeddable":true,"href":"https:\/\/patrick-friedl.de\/wps\/wp-json\/wp\/v2\/users\/8"}],"replies":[{"embeddable":true,"href":"https:\/\/patrick-friedl.de\/wps\/wp-json\/wp\/v2\/comments?post=1309"}],"version-history":[{"count":2,"href":"https:\/\/patrick-friedl.de\/wps\/wp-json\/wp\/v2\/posts\/1309\/revisions"}],"predecessor-version":[{"id":1311,"href":"https:\/\/patrick-friedl.de\/wps\/wp-json\/wp\/v2\/posts\/1309\/revisions\/1311"}],"wp:featuredmedia":[{"embeddable":true,"href":"https:\/\/patrick-friedl.de\/wps\/wp-json\/wp\/v2\/media\/1319"}],"wp:attachment":[{"href":"https:\/\/patrick-friedl.de\/wps\/wp-json\/wp\/v2\/media?parent=1309"}],"wp:term":[{"taxonomy":"category","embeddable":true,"href":"https:\/\/patrick-friedl.de\/wps\/wp-json\/wp\/v2\/categories?post=1309"},{"taxonomy":"post_tag","embeddable":true,"href":"https:\/\/patrick-friedl.de\/wps\/wp-json\/wp\/v2\/tags?post=1309"}],"curies":[{"name":"wp","href":"https:\/\/api.w.org\/{rel}","templated":true}]}}