{"id":796,"date":"2023-08-23T11:03:31","date_gmt":"2023-08-23T10:03:31","guid":{"rendered":"https:\/\/patrick-friedl.de\/wps\/2023\/08\/23\/tier-des-monats-september-luchs\/"},"modified":"2023-08-23T11:03:31","modified_gmt":"2023-08-23T10:03:31","slug":"tier-des-monats-september-luchs","status":"publish","type":"post","link":"http:\/\/patrick-friedl.de\/wps\/2023\/08\/23\/tier-des-monats-september-luchs\/","title":{"rendered":"Tier des Monats September: Luchs"},"content":{"rendered":"<p class=\"x_MsoNormal\"><b>Luchs: scheues Pinselohr mit funkelnden Augen<\/b><\/p>\n<p>Am bekanntesten sind\u00a0<span class=\"markjceswklze\" data-markjs=\"true\" data-ogac=\"\" data-ogab=\"\" data-ogsc=\"\" data-ogsb=\"\">Luchs<\/span>e wohl f\u00fcr die schwarzen Haarpinsel an den Spitzen ihrer Ohren. Den Namen verdanken sie aber einem anderen \u00e4u\u00dferlichen Merkmal, n\u00e4mlich ihren funkelnden Augen. Er geht auf das mittelhochdeutsche Wort \u201eluhs\u201c zur\u00fcck, das so viel wie \u201eFunkler\u201c bedeutet.\u00a0<span class=\"markjceswklze\" data-markjs=\"true\" data-ogac=\"\" data-ogab=\"\" data-ogsc=\"\" data-ogsb=\"\">Luchs<\/span>e sind die gr\u00f6\u00dften Raubkatzen Europas. Sie haben sogar einen Backenbart, der an die M\u00e4hne eines L\u00f6wen erinnert. Da sie sehr scheu sind, zeigen sie sich den Menschen nur selten. Nicht umsonst gibt es die sprichw\u00f6rtlichen \u201eAugen und Ohren wie ein\u00a0<span class=\"markjceswklze\" data-markjs=\"true\" data-ogac=\"\" data-ogab=\"\" data-ogsc=\"\" data-ogsb=\"\">Luchs<\/span>\u201c. Ihre Sicht und ihr Geh\u00f6r sind vortrefflich, einen Hasen ersp\u00e4hen sie auf 300 Meter Entfernung. W\u00e4hrend Deutschland fr\u00fcher einmal\u00a0<span class=\"markjceswklze\" data-markjs=\"true\" data-ogac=\"\" data-ogab=\"\" data-ogsc=\"\" data-ogsb=\"\">Luchs<\/span>land war, wurde die Art bis Mitte des 19. Jahrhunderts bei uns vollst\u00e4ndig ausgerottet. Durch Wiederansiedelungsprojekte leben in Deutschland heute (Stand 2018) wieder zumindest 125 bis 135 ausgewachsene Exemplare in freier Wildnis.\u00a0In Bayern kommt der\u00a0<span class=\"markjceswklze\" data-markjs=\"true\" data-ogac=\"\" data-ogab=\"\" data-ogsc=\"\" data-ogsb=\"\">Luchs<\/span>\u00a0im Bayerische Wald\u00a0und im Fichtelgebirge vor. \u00dcber das Gr\u00fcne Band, dem ehemaligen Grenzstreifen zu Tschechien, liegt hier ein Biotopverbundsystem vor, das der\u00a0<span class=\"markjceswklze\" data-markjs=\"true\" data-ogac=\"\" data-ogab=\"\" data-ogsc=\"\" data-ogsb=\"\">Luchs<\/span>\u00a0nutzen kann.\u00a0Trotz seines strengen Schutzstatus drohen dem\u00a0<span class=\"markjceswklze\" data-markjs=\"true\" data-ogac=\"\" data-ogab=\"\" data-ogsc=\"\" data-ogsb=\"\">Luchs<\/span>\u00a0diverse Gefahren: illegale Jagd, Zerst\u00f6rung seiner Lebensr\u00e4ume, Stra\u00dfenverkehr, und die indirekte Aufnahme von Rattengift.<\/p>\n<p>\u00a0<\/p>\n<p>\u00a0<\/p>\n<p>\u00a0<\/p>\n<p class=\"x_MsoNormal\">\u00a0<\/p>\n<p class=\"x_MsoNormal\">\u00a0<\/p>\n","protected":false},"excerpt":{"rendered":"<p>Luchs: scheues Pinselohr mit funkelnden Augen Am bekanntesten sind\u00a0Luchse wohl f\u00fcr die schwarzen Haarpinsel an den Spitzen ihrer Ohren. Den Namen verdanken sie aber einem anderen \u00e4u\u00dferlichen Merkmal, n\u00e4mlich ihren [&hellip;]<\/p>\n","protected":false},"author":-1,"featured_media":795,"comment_status":"open","ping_status":"open","sticky":false,"template":"","format":"standard","meta":{"footnotes":""},"categories":[49],"tags":[],"class_list":["post-796","post","type-post","status-publish","format-standard","has-post-thumbnail","hentry","category-tier-des-monats"],"_links":{"self":[{"href":"http:\/\/patrick-friedl.de\/wps\/wp-json\/wp\/v2\/posts\/796","targetHints":{"allow":["GET"]}}],"collection":[{"href":"http:\/\/patrick-friedl.de\/wps\/wp-json\/wp\/v2\/posts"}],"about":[{"href":"http:\/\/patrick-friedl.de\/wps\/wp-json\/wp\/v2\/types\/post"}],"author":[{"embeddable":true,"href":"http:\/\/patrick-friedl.de\/wps\/wp-json\/wp\/v2\/users\/2"}],"replies":[{"embeddable":true,"href":"http:\/\/patrick-friedl.de\/wps\/wp-json\/wp\/v2\/comments?post=796"}],"version-history":[{"count":0,"href":"http:\/\/patrick-friedl.de\/wps\/wp-json\/wp\/v2\/posts\/796\/revisions"}],"wp:featuredmedia":[{"embeddable":true,"href":"http:\/\/patrick-friedl.de\/wps\/wp-json\/wp\/v2\/media\/795"}],"wp:attachment":[{"href":"http:\/\/patrick-friedl.de\/wps\/wp-json\/wp\/v2\/media?parent=796"}],"wp:term":[{"taxonomy":"category","embeddable":true,"href":"http:\/\/patrick-friedl.de\/wps\/wp-json\/wp\/v2\/categories?post=796"},{"taxonomy":"post_tag","embeddable":true,"href":"http:\/\/patrick-friedl.de\/wps\/wp-json\/wp\/v2\/tags?post=796"}],"curies":[{"name":"wp","href":"https:\/\/api.w.org\/{rel}","templated":true}]}}