{"id":4973,"date":"2026-08-04T11:42:47","date_gmt":"2026-08-04T10:42:47","guid":{"rendered":"https:\/\/patrick-friedl.de\/wps\/?p=4973"},"modified":"2026-08-27T11:44:46","modified_gmt":"2026-08-27T10:44:46","slug":"keine-gezielte-unterstuetzung-fuer-pflegeheime","status":"publish","type":"post","link":"http:\/\/patrick-friedl.de\/wps\/2026\/08\/04\/keine-gezielte-unterstuetzung-fuer-pflegeheime\/","title":{"rendered":"Keine gezielte Unterst\u00fctzung f\u00fcr Pflegeheime"},"content":{"rendered":"\n<p class=\"wp-block-paragraph\"><strong>Alten- und Pflegeheime m\u00fcssen dringend klimatisiert, verschattet und begr\u00fcnt werden. \u201eDass die Staatsregierung daf\u00fcr noch immer keine gezielte Unterst\u00fctzung vorsieht, ist nicht nachvollziehbar\u201c, so&nbsp;<\/strong><a href=\"https:\/\/www.gruene-fraktion-bayern.de\/abgeordnete\/patrick-friedl\/\" target=\"_blank\" rel=\"noopener\"><strong>Patrick Friedl<\/strong><\/a><strong>, Sprecher f\u00fcr Klimaanpassung.<\/strong><\/p>\n\n\n\n<p class=\"wp-block-paragraph\">\u201eJede Hitzewelle bringt \u00e4ltere und pflegebed\u00fcrftige Menschen in Lebensgefahr. Trotzdem tr\u00e4gt die Staatsregierung viel zu wenig dazu bei, Pflege- und Altenheime besser vor Hitze zu sch\u00fctzen. Das ist v\u00f6llig unverantwortlich\u201c, kritisiert&nbsp;<a href=\"https:\/\/www.gruene-fraktion-bayern.de\/abgeordnete\/patrick-friedl\/\" target=\"_blank\" rel=\"noopener\"><strong>Patrick Friedl<\/strong><\/a>, Sprecher f\u00fcr Klimaanpassung der Landtags-Gr\u00fcnen. Schon wieder befinde sich Bayern mitten in einer Hitzewelle. \u201eDoch die bayerischen Pflegeeinrichtungen werden beim Hitzeschutz weiterhin weitestgehend allein gelassen&#8220;, so&nbsp;<a href=\"https:\/\/www.gruene-fraktion-bayern.de\/abgeordnete\/patrick-friedl\/\" target=\"_blank\" rel=\"noopener\"><strong>Patrick Friedl<\/strong><\/a>. Dabei geh\u00f6rten \u00e4ltere und pflegebed\u00fcrftige Menschen zu den am st\u00e4rksten gef\u00e4hrdeten Gruppen bei extremer Hitze. Dies zeigen aktuelle Zahlen des Robert-Koch-Instituts: Rund 80 Prozent der bislang f\u00fcr dieses Jahr gesch\u00e4tzten hitzebedingten Todesf\u00e4lle entfallen auf Personen \u00fcber 75 Jahren (7.880 von 9.800 F\u00e4llen, lt.: RKI, Wochenbericht zur hitzebedingten Mortalit\u00e4t, Kalenderwoche 29\/2026).<\/p>\n\n\n\n<p class=\"wp-block-paragraph\">Insbesondere kritisieren die Landtags-Gr\u00fcnen, dass auch die \u2013 ohnehin unterfinanzierte \u2013 Neuauflage der \u201eF\u00f6rderrichtlinie Kommunaler Klimaschutz\u201c erneut keine gezielte Unterst\u00fctzung f\u00fcr Pflegeeinrichtungen enth\u00e4lt.&nbsp;<a href=\"https:\/\/www.gruene-fraktion-bayern.de\/abgeordnete\/patrick-friedl\/\" target=\"_blank\" rel=\"noopener\"><strong>Patrick Friedl<\/strong><\/a><strong>&nbsp;<\/strong>beklagt:<\/p>\n\n\n\n<p class=\"wp-block-paragraph\">&#8222;Schon jetzt sind in Deutschland so viele Menschen wie noch nie an Hitze gestorben \u2013 und der Sommer ist noch lange nicht vorbei. Sp\u00e4testens jetzt m\u00fcsste doch allen klar sein: Hitzeschutz ist Gesundheitsschutz. Alten- und Pflegeheime m\u00fcssen dringend klimatisiert, verschattet und begr\u00fcnt werden. Dass die Staatsregierung daf\u00fcr noch immer keine gezielte Unterst\u00fctzung vorsieht, ist nicht nachvollziehbar.\u201c<\/p>\n\n\n\n<p class=\"wp-block-paragraph\">Bereits im Juli hat eine&nbsp;<a href=\"https:\/\/www.gruene-fraktion-bayern.de\/fileadmin\/bayern\/Dateien\/Antr%C3%A4ge_AzP_SAN_Gutachten_etc\/2026\/260714_Gruenen-Anfrage_Hitze_Krankenh%C3%A4user_Pflegeeinrichtungen.pdf\" target=\"_blank\" rel=\"noopener\"><u>Anfrage<\/u><\/a>&nbsp;der Landtags-Gr\u00fcnen an die Bayerische Staatsregierung gezeigt, dass diese weder wei\u00df, welche Einrichtungen besonders unter extremer Hitzebelastung leiden, noch, wo es bereits Hitzeschutzpl\u00e4ne, k\u00fchle R\u00fcckzugsr\u00e4ume oder ausreichenden Sonnenschutz gibt. Zugleich bietet die Staatsregierung kaum verbindliche Schutzstandards, F\u00f6rderprogramme oder konkrete Unterst\u00fctzungsangebote.<\/p>\n\n\n\n<p class=\"wp-block-paragraph\"><a href=\"https:\/\/www.gruene-fraktion-bayern.de\/abgeordnete\/patrick-friedl\/\" target=\"_blank\" rel=\"noopener\"><strong>Patrick Friedl<\/strong><\/a><strong>\u00a0<\/strong>erkl\u00e4rt: &#8222;Die Staatsregierung versucht permanent, die Verantwortung allein den Kommunen und Einrichtungen zuzuschieben. Damit macht sie es sich viel zu einfach. Hitzeschutz, besonders f\u00fcr vulnerable Gruppen, geh\u00f6rt zur \u00f6ffentlichen Daseinsvorsorge. Und von der von Ministerpr\u00e4sident S\u00f6der angek\u00fcndigten erh\u00f6hten F\u00f6rderung von Klimaanlagen in Pflegeeinrichtungen ist noch nichts zu sehen. Die Staatsregierung setzt so Pflegebed\u00fcrftige weiterhin der Hitze aus.\u201c Pflegeeinrichtungen d\u00fcrften nicht zur Hitzefalle werden. \u201eWer beim Hitzeschutz spart, gef\u00e4hrdet die Gesundheit der Menschen, die unseren Schutz am dringendsten brauchen.\u201c<\/p>\n\n\n\n<p class=\"wp-block-paragraph\">Die Fraktionsvorsitzende der Landtags-Gr\u00fcnen,&nbsp;<a href=\"https:\/\/www.gruene-fraktion-bayern.de\/abgeordnete\/katharina-schulze\/\" target=\"_blank\" rel=\"noopener\"><strong>Katharina Schulze<\/strong><\/a>, erkl\u00e4rt:<\/p>\n\n\n\n<p class=\"wp-block-paragraph\">&#8222;Krankenh\u00e4user und Pflegeeinrichtungen m\u00fcssen Orte der Sicherheit sein \u2013 auch bei extremer Hitze. Patientinnen und Patienten liegen teils bei weit \u00fcber 30 Grad Raumtemperatur in den Krankenhausbetten. Wie soll man unter diesen Bedingungen gesund werden k\u00f6nnen? Wie sollen Menschen in Seniorenheimen diese Hitze aushalten? Besonders \u00c4ltere leiden und sterben teils daran. Die Staatsregierung vernachl\u00e4ssigt ihren Schutzauftrag gegen\u00fcber den Menschen in Bayern \u2013 sie f\u00fchlt sich nicht zust\u00e4ndig und w\u00e4lzt das Problem allein auf die Einrichtungen ab. Das ist fahrl\u00e4ssig gegen\u00fcber allen Menschen, die sich nicht selbst sch\u00fctzen k\u00f6nnen!\u201d<\/p>\n\n\n\n<p class=\"wp-block-paragraph\">Bei den folgenden Ma\u00dfnahmen sind die Alten- und Pflegeheime dringend auf Unterst\u00fctzung angewiesen:<\/p>\n\n\n\n<ul class=\"wp-block-list\">\n<li>Erstellung von eigenen Hitzeaktionspl\u00e4nen<\/li>\n\n\n\n<li>Verschattung und K\u00fchlung, insbesondere durch Baumpflanzungen, Dach- und Fassadenbegr\u00fcnung<\/li>\n\n\n\n<li>Klimatisierung der Innenr\u00e4ume<\/li>\n\n\n\n<li>Einrichtung von k\u00fchlen Gemeinschaftsr\u00e4umen<\/li>\n\n\n\n<li>Anschaffung von Trinkwasserspendern, K\u00fchldecken etc.<\/li>\n\n\n\n<li>Schutz des Personals, beispielsweise durch K\u00fchlwesten<\/li>\n<\/ul>\n\n\n\n<p class=\"wp-block-paragraph\"><em><strong>Weitere Infos:<\/strong><\/em><\/p>\n\n\n\n<p class=\"wp-block-paragraph\"><a href=\"https:\/\/www.gruene-fraktion-bayern.de\/themen\/umwelt-natur\/hitzeschutz-fuer-kliniken-staatsregierung-muss-raus-aus-dem-blindflug\">https:\/\/www.gruene-fraktion-bayern.de\/themen\/umwelt-natur\/hitzeschutz-fuer-kliniken-staatsregierung-muss-raus-aus-dem-blindflug<\/a><\/p>\n\n\n\n<p class=\"wp-block-paragraph\"><a href=\"https:\/\/www.gruene-fraktion-bayern.de\/themen\/soziales-gesundheit-pflege\/schulze-mit-der-klimaanlage-auf-rezept-bringen-wir-abkuehlung-direkt-zu-den-menschen\">https:\/\/www.gruene-fraktion-bayern.de\/themen\/soziales-gesundheit-pflege\/schulze-mit-der-klimaanlage-auf-rezept-bringen-wir-abkuehlung-direkt-zu-den-menschen<\/a><\/p>\n\n\n\n<p class=\"wp-block-paragraph\"><a href=\"https:\/\/www.gruene-fraktion-bayern.de\/themen\/soziales-gesundheit-pflege\/hitzeschutz-in-kliniken-und-pflegeheimen\">https:\/\/www.gruene-fraktion-bayern.de\/themen\/soziales-gesundheit-pflege\/hitzeschutz-in-kliniken-und-pflegeheimen<\/a><\/p>\n\n\n\n<p class=\"wp-block-paragraph\"><a href=\"https:\/\/www.gruene-fraktion-bayern.de\/themen\/energie-klima\/hitzeschutz-in-schulen-und-kitas-eine-katastrophe\">https:\/\/www.gruene-fraktion-bayern.de\/themen\/energie-klima\/hitzeschutz-in-schulen-und-kitas-eine-katastrophe<\/a><\/p>\n","protected":false},"excerpt":{"rendered":"<p>Alten- und Pflegeheime m\u00fcssen dringend klimatisiert, verschattet und begr\u00fcnt werden. \u201eDass die Staatsregierung daf\u00fcr noch immer keine gezielte Unterst\u00fctzung vorsieht, ist nicht nachvollziehbar\u201c, so&nbsp;Patrick Friedl, Sprecher f\u00fcr Klimaanpassung. \u201eJede Hitzewelle [&hellip;]<\/p>\n","protected":false},"author":-1,"featured_media":0,"comment_status":"closed","ping_status":"closed","sticky":false,"template":"","format":"standard","meta":{"footnotes":""},"categories":[3,40],"tags":[],"class_list":["post-4973","post","type-post","status-publish","format-standard","hentry","category-landtag","category-pressemitteilungen-corona"],"_links":{"self":[{"href":"http:\/\/patrick-friedl.de\/wps\/wp-json\/wp\/v2\/posts\/4973","targetHints":{"allow":["GET"]}}],"collection":[{"href":"http:\/\/patrick-friedl.de\/wps\/wp-json\/wp\/v2\/posts"}],"about":[{"href":"http:\/\/patrick-friedl.de\/wps\/wp-json\/wp\/v2\/types\/post"}],"author":[{"embeddable":true,"href":"http:\/\/patrick-friedl.de\/wps\/wp-json\/wp\/v2\/users\/8"}],"replies":[{"embeddable":true,"href":"http:\/\/patrick-friedl.de\/wps\/wp-json\/wp\/v2\/comments?post=4973"}],"version-history":[{"count":1,"href":"http:\/\/patrick-friedl.de\/wps\/wp-json\/wp\/v2\/posts\/4973\/revisions"}],"predecessor-version":[{"id":4974,"href":"http:\/\/patrick-friedl.de\/wps\/wp-json\/wp\/v2\/posts\/4973\/revisions\/4974"}],"wp:attachment":[{"href":"http:\/\/patrick-friedl.de\/wps\/wp-json\/wp\/v2\/media?parent=4973"}],"wp:term":[{"taxonomy":"category","embeddable":true,"href":"http:\/\/patrick-friedl.de\/wps\/wp-json\/wp\/v2\/categories?post=4973"},{"taxonomy":"post_tag","embeddable":true,"href":"http:\/\/patrick-friedl.de\/wps\/wp-json\/wp\/v2\/tags?post=4973"}],"curies":[{"name":"wp","href":"https:\/\/api.w.org\/{rel}","templated":true}]}}