{"id":458,"date":"2022-01-31T14:28:51","date_gmt":"2022-01-31T14:28:51","guid":{"rendered":"https:\/\/patrick-friedl.de\/wps\/2022\/01\/31\/positionspapier-klimaueberhitzung-folgen-und-anpassung\/"},"modified":"2022-01-31T14:28:51","modified_gmt":"2022-01-31T14:28:51","slug":"positionspapier-klimaueberhitzung-folgen-und-anpassung","status":"publish","type":"post","link":"http:\/\/patrick-friedl.de\/wps\/2022\/01\/31\/positionspapier-klimaueberhitzung-folgen-und-anpassung\/","title":{"rendered":"Positionspapier Klima\u00fcberhitzung &#8211; Folgen und Anpassung"},"content":{"rendered":"<p><span dir=\"ltr\"><img loading=\"lazy\" decoding=\"async\" class=\" size-full wp-image-456\" style=\"display: block; margin-left: auto; margin-right: auto;\" src=\"http:\/\/patrick-friedl.de\/wps\/wp-content\/uploads\/2022\/01\/Positionspapier_Klimaberhitzung.png\" alt=\"\" width=\"950\" height=\"1342\" srcset=\"http:\/\/patrick-friedl.de\/wps\/wp-content\/uploads\/2022\/01\/Positionspapier_Klimaberhitzung.png 950w, http:\/\/patrick-friedl.de\/wps\/wp-content\/uploads\/2022\/01\/Positionspapier_Klimaberhitzung-212x300.png 212w, http:\/\/patrick-friedl.de\/wps\/wp-content\/uploads\/2022\/01\/Positionspapier_Klimaberhitzung-725x1024.png 725w, http:\/\/patrick-friedl.de\/wps\/wp-content\/uploads\/2022\/01\/Positionspapier_Klimaberhitzung-768x1085.png 768w\" sizes=\"auto, (max-width: 950px) 100vw, 950px\" \/><\/span><\/p>\n<p><span dir=\"ltr\"><br \/>Jahr f\u00fcr Jahr werden neue Rekorde gebrochen: Hei\u00dfestes Jahr, l\u00e4ngste D\u00fcrreperiode, massivster<\/span> <span dir=\"ltr\">Starkregen, geringste Schneebedeckung, fr\u00fchester Zeitpunkt der Apfelbl\u00fcte, h\u00f6chste Dichte an<\/span> <span dir=\"ltr\">Borkenk\u00e4fern, und Vieles mehr. Mit gr\u00f6\u00dfter Wucht treffen die Naturkatastrophen gerade die<\/span> <span dir=\"ltr\">\u00e4rmsten Menschen &#8211; im S\u00fcdpazifik, in der Sahelzone, in Bangladesch &#8211; aber auch reiche L\u00e4nder wie<\/span> <span dir=\"ltr\">die USA k\u00f6nnen sich vor den ungebremsten Naturgewalten nicht mehr sch\u00fctzen. D<\/span><span dir=\"ltr\"><span dir=\"ltr\">ie Klima\u00fcberhitzung ist die gr\u00f6\u00dfte Herausforderung f\u00fcr die Menschheit und Ursache von Krisen und<\/span><\/span><span dir=\"ltr\"> <span dir=\"ltr\">Flucht weltweit.<\/span><\/span><\/p>\n<p><span dir=\"ltr\"><span dir=\"ltr\"><span dir=\"ltr\">Im vorliegenden Papier beschreiben wir die durch Klima\u00fcberhitzung bedingten Ver\u00e4nderungen in<\/span> <span dir=\"ltr\">einzelnen Bereichen. Grundlage sind die Prognosen vieler Wissenschaftler*innen f\u00fcr die n\u00e4chsten<\/span> <span dir=\"ltr\">Jahrzehnte. <\/span><\/span><\/span><span dir=\"ltr\"><span dir=\"ltr\"><span dir=\"ltr\"><span dir=\"ltr\">Als <\/span><\/span><\/span><\/span><span dir=\"ltr\"><span dir=\"ltr\"><span dir=\"ltr\"><span dir=\"ltr\">Gr\u00fcne Landtagsfraktion wollen wir mit der Vorlage dieses Papiers zu einer umfassenden und<\/span><\/span><\/span><\/span><span dir=\"ltr\"><span dir=\"ltr\"><span dir=\"ltr\"> <span dir=\"ltr\">sachgerechten Diskussion beitragen und notwendige Schritte aufzeigen. Wir wollen einen Beitrag<\/span> <span dir=\"ltr\">leisten, dass die bedrohliche Lage besser erkannt und intensiver diskutiert wird. Wir wollen, dass<\/span> <span dir=\"ltr\">Verantwortung \u00fcbernommen wird und schlie\u00dflich die notwendigen Ma\u00dfnahmen ergriffen werden. <a href=\"http:\/\/patrick-friedl.de\/wps\/wp-content\/uploads\/2022\/01\/2019_KlimaUeberhitzung.pdf\" target=\"_blank\" rel=\"noopener noreferrer\">Das ganze Positionspapier (PDF) k\u00f6nnen Sie hier herunterladen. <\/a><br \/><\/span><\/span><\/span><\/span><\/p>\n","protected":false},"excerpt":{"rendered":"<p>Jahr f\u00fcr Jahr werden neue Rekorde gebrochen: Hei\u00dfestes Jahr, l\u00e4ngste D\u00fcrreperiode, massivster Starkregen, geringste Schneebedeckung, fr\u00fchester Zeitpunkt der Apfelbl\u00fcte, h\u00f6chste Dichte an Borkenk\u00e4fern, und Vieles mehr. Mit gr\u00f6\u00dfter Wucht treffen [&hellip;]<\/p>\n","protected":false},"author":-1,"featured_media":456,"comment_status":"open","ping_status":"open","sticky":false,"template":"","format":"standard","meta":{"footnotes":""},"categories":[47],"tags":[],"class_list":["post-458","post","type-post","status-publish","format-standard","has-post-thumbnail","hentry","category-positionen"],"_links":{"self":[{"href":"http:\/\/patrick-friedl.de\/wps\/wp-json\/wp\/v2\/posts\/458","targetHints":{"allow":["GET"]}}],"collection":[{"href":"http:\/\/patrick-friedl.de\/wps\/wp-json\/wp\/v2\/posts"}],"about":[{"href":"http:\/\/patrick-friedl.de\/wps\/wp-json\/wp\/v2\/types\/post"}],"author":[{"embeddable":true,"href":"http:\/\/patrick-friedl.de\/wps\/wp-json\/wp\/v2\/users\/8"}],"replies":[{"embeddable":true,"href":"http:\/\/patrick-friedl.de\/wps\/wp-json\/wp\/v2\/comments?post=458"}],"version-history":[{"count":0,"href":"http:\/\/patrick-friedl.de\/wps\/wp-json\/wp\/v2\/posts\/458\/revisions"}],"wp:featuredmedia":[{"embeddable":true,"href":"http:\/\/patrick-friedl.de\/wps\/wp-json\/wp\/v2\/media\/456"}],"wp:attachment":[{"href":"http:\/\/patrick-friedl.de\/wps\/wp-json\/wp\/v2\/media?parent=458"}],"wp:term":[{"taxonomy":"category","embeddable":true,"href":"http:\/\/patrick-friedl.de\/wps\/wp-json\/wp\/v2\/categories?post=458"},{"taxonomy":"post_tag","embeddable":true,"href":"http:\/\/patrick-friedl.de\/wps\/wp-json\/wp\/v2\/tags?post=458"}],"curies":[{"name":"wp","href":"https:\/\/api.w.org\/{rel}","templated":true}]}}