{"id":455,"date":"2022-01-31T14:10:17","date_gmt":"2022-01-31T14:10:17","guid":{"rendered":"https:\/\/patrick-friedl.de\/wps\/2022\/01\/31\/positionspapier-auf-dem-weg-zur-klimaangepassten-kommune\/"},"modified":"2025-06-02T10:15:13","modified_gmt":"2025-06-02T09:15:13","slug":"positionspapier-auf-dem-weg-zur-klimaangepassten-kommune","status":"publish","type":"post","link":"http:\/\/patrick-friedl.de\/wps\/2022\/01\/31\/positionspapier-auf-dem-weg-zur-klimaangepassten-kommune\/","title":{"rendered":"Positionspapier &#8211; Auf dem Weg zur klimaangepassten Kommune"},"content":{"rendered":"\n<p><span dir=\"ltr\"><\/span><\/p>\n\n\n\n<p><span dir=\"ltr\">Um die dringend notwendigen Ma\u00dfnahmen zur Klimaanpassung bew\u00e4ltigen zu k\u00f6nnen, brauchen die <\/span><span dir=\"ltr\">bayerischen Kommunen staatliche Unterst\u00fctzung, Beratung und eine entsprechende finanzielle F\u00f6rde<\/span><span dir=\"ltr\">rung. Welche Punkte wir Gr\u00fcne von der Bayerischen Staatsregierung zur Bew\u00e4ltigung der Klima\u00fcberhitzung fordern, k\u00f6nnen Sie im <a href=\"http:\/\/patrick-friedl.de\/wps\/wp-content\/uploads\/2022\/01\/2020_Klimaangepasste_Kommune.pdf\" target=\"_blank\" rel=\"noopener noreferrer\">Positionspapier Auf dem Weg zur klimaangepassten Kommune (PDF)<\/a> nachlesen. <\/span><\/p>\n","protected":false},"excerpt":{"rendered":"<p>Um die dringend notwendigen Ma\u00dfnahmen zur Klimaanpassung bew\u00e4ltigen zu k\u00f6nnen, brauchen die bayerischen Kommunen staatliche Unterst\u00fctzung, Beratung und eine entsprechende finanzielle F\u00f6rderung. Welche Punkte wir Gr\u00fcne von der Bayerischen Staatsregierung [&hellip;]<\/p>\n","protected":false},"author":-1,"featured_media":453,"comment_status":"open","ping_status":"open","sticky":false,"template":"","format":"standard","meta":{"footnotes":""},"categories":[47],"tags":[],"class_list":["post-455","post","type-post","status-publish","format-standard","has-post-thumbnail","hentry","category-positionen"],"_links":{"self":[{"href":"http:\/\/patrick-friedl.de\/wps\/wp-json\/wp\/v2\/posts\/455","targetHints":{"allow":["GET"]}}],"collection":[{"href":"http:\/\/patrick-friedl.de\/wps\/wp-json\/wp\/v2\/posts"}],"about":[{"href":"http:\/\/patrick-friedl.de\/wps\/wp-json\/wp\/v2\/types\/post"}],"author":[{"embeddable":true,"href":"http:\/\/patrick-friedl.de\/wps\/wp-json\/wp\/v2\/users\/8"}],"replies":[{"embeddable":true,"href":"http:\/\/patrick-friedl.de\/wps\/wp-json\/wp\/v2\/comments?post=455"}],"version-history":[{"count":2,"href":"http:\/\/patrick-friedl.de\/wps\/wp-json\/wp\/v2\/posts\/455\/revisions"}],"predecessor-version":[{"id":1999,"href":"http:\/\/patrick-friedl.de\/wps\/wp-json\/wp\/v2\/posts\/455\/revisions\/1999"}],"wp:featuredmedia":[{"embeddable":true,"href":"http:\/\/patrick-friedl.de\/wps\/wp-json\/wp\/v2\/media\/453"}],"wp:attachment":[{"href":"http:\/\/patrick-friedl.de\/wps\/wp-json\/wp\/v2\/media?parent=455"}],"wp:term":[{"taxonomy":"category","embeddable":true,"href":"http:\/\/patrick-friedl.de\/wps\/wp-json\/wp\/v2\/categories?post=455"},{"taxonomy":"post_tag","embeddable":true,"href":"http:\/\/patrick-friedl.de\/wps\/wp-json\/wp\/v2\/tags?post=455"}],"curies":[{"name":"wp","href":"https:\/\/api.w.org\/{rel}","templated":true}]}}