{"id":450,"date":"2022-01-31T13:51:49","date_gmt":"2022-01-31T13:51:49","guid":{"rendered":"https:\/\/patrick-friedl.de\/wps\/2022\/01\/31\/positionspapier-unser-wald-erhalten-was-uns-erhaelt\/"},"modified":"2022-01-31T13:51:49","modified_gmt":"2022-01-31T13:51:49","slug":"positionspapier-unser-wald-erhalten-was-uns-erhaelt","status":"publish","type":"post","link":"http:\/\/patrick-friedl.de\/wps\/2022\/01\/31\/positionspapier-unser-wald-erhalten-was-uns-erhaelt\/","title":{"rendered":"Positionspapier Unser Wald &#8211; Erhalten, was uns erh\u00e4lt"},"content":{"rendered":"<p><span dir=\"ltr\"><img loading=\"lazy\" decoding=\"async\" class=\" size-full wp-image-448\" style=\"display: block; margin-left: auto; margin-right: auto;\" src=\"http:\/\/patrick-friedl.de\/wps\/wp-content\/uploads\/2022\/01\/Positionspapier_Wald_der_Zukunft.png\" alt=\"\" width=\"950\" height=\"1348\" srcset=\"http:\/\/patrick-friedl.de\/wps\/wp-content\/uploads\/2022\/01\/Positionspapier_Wald_der_Zukunft.png 950w, http:\/\/patrick-friedl.de\/wps\/wp-content\/uploads\/2022\/01\/Positionspapier_Wald_der_Zukunft-211x300.png 211w, http:\/\/patrick-friedl.de\/wps\/wp-content\/uploads\/2022\/01\/Positionspapier_Wald_der_Zukunft-722x1024.png 722w, http:\/\/patrick-friedl.de\/wps\/wp-content\/uploads\/2022\/01\/Positionspapier_Wald_der_Zukunft-768x1090.png 768w\" sizes=\"auto, (max-width: 950px) 100vw, 950px\" \/><\/span><\/p>\n<p><span id=\"page1R_mcid20\"><span dir=\"ltr\"><br \/>Der Wald ist eines der gr\u00f6\u00dften Opfer der Klimakrise. Hier bei <\/span><\/span><span id=\"page1R_mcid21\"><span dir=\"ltr\">uns in Bayern bedrohen Extremwetterereignisse unsere Wirtschafts-, Natur- und Schutzw\u00e4lder, <\/span><\/span><span id=\"page1R_mcid22\"><span dir=\"ltr\">Hitze- und Trockenperioden verbunden mit geringen Niederschlagsmengen schw\u00e4chen die W\u00e4lder <\/span><\/span><span id=\"page1R_mcid23\"><span dir=\"ltr\">und machen sie anf\u00e4llig f\u00fcr Schadinsekten. Zunehmende heftige St\u00fcrme, B\u00f6en und Regenwal<\/span><\/span><span id=\"page1R_mcid25\"><span dir=\"ltr\">zen hinterlassen Schneisen der Verw\u00fcstung mit entwurzelten und umgeknickten B\u00e4umen.<\/span><\/span><span id=\"page1R_mcid26\"> <span dir=\"ltr\">Die <\/span><\/span><span id=\"page1R_mcid27\"><span dir=\"ltr\">bayerischen W\u00e4lder k\u00e4mpfen heute mehr denn je mit den Folgen einer falschen Klimapolitik <\/span><\/span><span id=\"page1R_mcid28\"><span dir=\"ltr\">der vergangenen Jahrzehnte. <\/span><\/span><span id=\"page1R_mcid28\"><span dir=\"ltr\"><span id=\"page1R_mcid52\"><span dir=\"ltr\">Unsere W\u00e4lder erhalten, umbauen und nachhaltig nutzen, das steht f\u00fcr uns an erster Stelle. <\/span><\/span><\/span><\/span><span id=\"page1R_mcid28\"><span dir=\"ltr\"><span id=\"page1R_mcid54\"><span dir=\"ltr\">Daf\u00fcr braucht es zweierlei: gem\u00e4\u00df den Zielen der \u201eNationalen Strategie zur biologischen <\/span><\/span><span id=\"page1R_mcid56\"><span dir=\"ltr\">Vielfalt\u201c zum einen Nutzungsverzicht auf mindestens f\u00fcnf Prozent der bayerischen Waldfl\u00e4che <\/span><\/span><span id=\"page1R_mcid58\"><span dir=\"ltr\">durch neue Gro\u00dfschutzgebiete und Nationalparke und zum anderen, auf den restlichen 95 Prozent, <\/span><\/span><span id=\"page1R_mcid59\"><span dir=\"ltr\">die konsequente \u00d6kologisierung der Waldbewirtschaftung, u.a. durch den Ausbau des Vertrags<\/span><\/span><\/span><\/span><span id=\"page1R_mcid28\"><span dir=\"ltr\"><span id=\"page1R_mcid61\"><span dir=\"ltr\">naturschutzprogramms Wald. <\/span><\/span><\/span><\/span><\/p>\n<p><span id=\"page1R_mcid28\"><span dir=\"ltr\"><span id=\"page1R_mcid61\"><span dir=\"ltr\"><a href=\"http:\/\/patrick-friedl.de\/wps\/wp-content\/uploads\/2022\/01\/2021_Unser_Wald.pdf\" target=\"_blank\" rel=\"noopener noreferrer\">Das gesamte Positionspapier Wald der Zukunft k\u00f6nnen Sie hier als PDF herunterladen.<\/a> <\/span><\/span><\/span><\/span><span id=\"page1R_mcid28\"><span dir=\"ltr\"><br \/><\/span><\/span><\/p>\n","protected":false},"excerpt":{"rendered":"<p>Der Wald ist eines der gr\u00f6\u00dften Opfer der Klimakrise. Hier bei uns in Bayern bedrohen Extremwetterereignisse unsere Wirtschafts-, Natur- und Schutzw\u00e4lder, Hitze- und Trockenperioden verbunden mit geringen Niederschlagsmengen schw\u00e4chen die [&hellip;]<\/p>\n","protected":false},"author":-1,"featured_media":448,"comment_status":"open","ping_status":"open","sticky":false,"template":"","format":"standard","meta":{"footnotes":""},"categories":[47],"tags":[],"class_list":["post-450","post","type-post","status-publish","format-standard","has-post-thumbnail","hentry","category-positionen"],"_links":{"self":[{"href":"http:\/\/patrick-friedl.de\/wps\/wp-json\/wp\/v2\/posts\/450","targetHints":{"allow":["GET"]}}],"collection":[{"href":"http:\/\/patrick-friedl.de\/wps\/wp-json\/wp\/v2\/posts"}],"about":[{"href":"http:\/\/patrick-friedl.de\/wps\/wp-json\/wp\/v2\/types\/post"}],"author":[{"embeddable":true,"href":"http:\/\/patrick-friedl.de\/wps\/wp-json\/wp\/v2\/users\/8"}],"replies":[{"embeddable":true,"href":"http:\/\/patrick-friedl.de\/wps\/wp-json\/wp\/v2\/comments?post=450"}],"version-history":[{"count":0,"href":"http:\/\/patrick-friedl.de\/wps\/wp-json\/wp\/v2\/posts\/450\/revisions"}],"wp:featuredmedia":[{"embeddable":true,"href":"http:\/\/patrick-friedl.de\/wps\/wp-json\/wp\/v2\/media\/448"}],"wp:attachment":[{"href":"http:\/\/patrick-friedl.de\/wps\/wp-json\/wp\/v2\/media?parent=450"}],"wp:term":[{"taxonomy":"category","embeddable":true,"href":"http:\/\/patrick-friedl.de\/wps\/wp-json\/wp\/v2\/categories?post=450"},{"taxonomy":"post_tag","embeddable":true,"href":"http:\/\/patrick-friedl.de\/wps\/wp-json\/wp\/v2\/tags?post=450"}],"curies":[{"name":"wp","href":"https:\/\/api.w.org\/{rel}","templated":true}]}}