{"id":434,"date":"2022-01-31T10:06:36","date_gmt":"2022-01-31T10:06:36","guid":{"rendered":"https:\/\/patrick-friedl.de\/wps\/2022\/01\/31\/br-radiobeitrag-zu-schwammstaedten-und-schwammlandschaften\/"},"modified":"2022-01-31T10:06:36","modified_gmt":"2022-01-31T10:06:36","slug":"br-radiobeitrag-zu-schwammstaedten-und-schwammlandschaften","status":"publish","type":"post","link":"http:\/\/patrick-friedl.de\/wps\/2022\/01\/31\/br-radiobeitrag-zu-schwammstaedten-und-schwammlandschaften\/","title":{"rendered":"BR-Radiobeitrag zu Schwammst\u00e4dten und Schwammlandschaften"},"content":{"rendered":"<img loading=\"lazy\" decoding=\"async\" class=\" size-full wp-image-433\" src=\"http:\/\/patrick-friedl.de\/wps\/wp-content\/uploads\/2022\/01\/2022_01_31_Baum_Fluss.jpg\" alt=\"Schwammlandschaft Baum Fluss\" class=\"caption\" title=\"Friedl: &quot;Um unsere St\u00e4dte klimaresilienter zu machen m\u00fcssen wir mehr Regenwasser integrieren und daf\u00fcr dringend Fl\u00e4chen entsiegeln.&quot; Foto: Pixabay\" width=\"1920\" height=\"1282\" srcset=\"http:\/\/patrick-friedl.de\/wps\/wp-content\/uploads\/2022\/01\/2022_01_31_Baum_Fluss.jpg 1920w, http:\/\/patrick-friedl.de\/wps\/wp-content\/uploads\/2022\/01\/2022_01_31_Baum_Fluss-300x200.jpg 300w, http:\/\/patrick-friedl.de\/wps\/wp-content\/uploads\/2022\/01\/2022_01_31_Baum_Fluss-1024x684.jpg 1024w, http:\/\/patrick-friedl.de\/wps\/wp-content\/uploads\/2022\/01\/2022_01_31_Baum_Fluss-768x513.jpg 768w, http:\/\/patrick-friedl.de\/wps\/wp-content\/uploads\/2022\/01\/2022_01_31_Baum_Fluss-1536x1026.jpg 1536w\" sizes=\"auto, (max-width: 1920px) 100vw, 1920px\" \/>\n<p><strong>F\u00fcr einen Beitrag zu Schwammst\u00e4dten und Schwammlandschaften wurde MdL Patrick Friedl, Sprecher f\u00fcr Naturschutz und Klimaanpassung der Gr\u00fcnen Landtagsfraktion, von Bayern 2 interviewt.<\/strong><\/p>\n<p>Den Beitrag finden Sie <a href=\"https:\/\/www.br.de\/nachrichten\/bayern\/klimawandel-wie-funktioniert-der-umbau-zur-schwammstadt,SvqpLuL\" target=\"_blank\" rel=\"noopener noreferrer\">hier<\/a> voller L\u00e4nge. Ein kurzer Ausschnitt:<\/p>\n<p>&#8222;\u00dcberhaupt sei das die Idee, St\u00e4dte klima-resilienter zu machen: Mehr Regenwasser integrieren. Doch daf\u00fcr m\u00fcssten Fl\u00e4chen dringend entsiegelt werden, fordert Patrick Friedl, Experte f\u00fcr Klimaanpassung bei den Landtags-Gr\u00fcnen. Es gebe St\u00e4dte, die seien inzwischen zu \u00fcber 60 Prozent betoniert und asphaltiert. Gleiches gelte f\u00fcr die Landbewirtschaftung, auch hier m\u00fcsse entsiegelt werden.<\/p>\n<p>&#8222;Wir brauchen wieder Hecken und Feldraine, wir m\u00fcssen unsere Moore dringend wieder sch\u00fctzen und vern\u00e4ssen&#8220;, warnt Fried. Alles, was Wasser aufnehmen und speichern k\u00f6nne, m\u00fcsse wieder ausgebaut werden. &#8222;Wenn wir da hinkommen, dann haben wir wieder Wasser zur Verf\u00fcgung, um zu bew\u00e4ssern.&#8220;<\/p>\n<p>Weitere Informationen zur Fl\u00e4chenversiegelung in Bayern:<\/p>\n<p><!--more--><\/p>\n<p>Patrick Friedl: &#8222;Wenn Umweltminister Glauber hier auf 9,23 Hektar (in 69 von 2056 Bayerischen Kommunen) entsiegelte Fl\u00e4chen verweist, so h\u00e4tte er hinzuf\u00fcgen sollen, dass die Staatsregierung hierf\u00fcr vier (!) Jahre F\u00f6rderung gebraucht hat. Zum Vergleich: T\u00e4glich werden in Bayern mehr Fl\u00e4che versiegelt (ca. 10 bis 11 Hektar pro Tag) als hier in vier Jahren mittels 39,8 Millionen Euro F\u00f6rderung entsiegelt werden konnte. Wir brauchen endlich klare, starke und verbindliche Fl\u00e4chensparziele und eine wesentlich bessere Finanzierung der Kommunen um den Prozess der fortschreitenden Versiegelung endlich umzukehren!&#8220;<\/p>\n","protected":false},"excerpt":{"rendered":"<p>F\u00fcr einen Beitrag zu Schwammst\u00e4dten und Schwammlandschaften wurde MdL Patrick Friedl, Sprecher f\u00fcr Naturschutz und Klimaanpassung der Gr\u00fcnen Landtagsfraktion, von Bayern 2 interviewt. Den Beitrag finden Sie hier voller L\u00e4nge. [&hellip;]<\/p>\n","protected":false},"author":-1,"featured_media":433,"comment_status":"open","ping_status":"open","sticky":false,"template":"","format":"standard","meta":{"footnotes":""},"categories":[8],"tags":[],"class_list":["post-434","post","type-post","status-publish","format-standard","has-post-thumbnail","hentry","category-klimaanpassung"],"_links":{"self":[{"href":"http:\/\/patrick-friedl.de\/wps\/wp-json\/wp\/v2\/posts\/434","targetHints":{"allow":["GET"]}}],"collection":[{"href":"http:\/\/patrick-friedl.de\/wps\/wp-json\/wp\/v2\/posts"}],"about":[{"href":"http:\/\/patrick-friedl.de\/wps\/wp-json\/wp\/v2\/types\/post"}],"author":[{"embeddable":true,"href":"http:\/\/patrick-friedl.de\/wps\/wp-json\/wp\/v2\/users\/8"}],"replies":[{"embeddable":true,"href":"http:\/\/patrick-friedl.de\/wps\/wp-json\/wp\/v2\/comments?post=434"}],"version-history":[{"count":0,"href":"http:\/\/patrick-friedl.de\/wps\/wp-json\/wp\/v2\/posts\/434\/revisions"}],"wp:featuredmedia":[{"embeddable":true,"href":"http:\/\/patrick-friedl.de\/wps\/wp-json\/wp\/v2\/media\/433"}],"wp:attachment":[{"href":"http:\/\/patrick-friedl.de\/wps\/wp-json\/wp\/v2\/media?parent=434"}],"wp:term":[{"taxonomy":"category","embeddable":true,"href":"http:\/\/patrick-friedl.de\/wps\/wp-json\/wp\/v2\/categories?post=434"},{"taxonomy":"post_tag","embeddable":true,"href":"http:\/\/patrick-friedl.de\/wps\/wp-json\/wp\/v2\/tags?post=434"}],"curies":[{"name":"wp","href":"https:\/\/api.w.org\/{rel}","templated":true}]}}