{"id":424,"date":"2021-12-20T11:54:57","date_gmt":"2021-12-20T11:54:57","guid":{"rendered":"https:\/\/patrick-friedl.de\/wps\/2021\/12\/20\/musterantrag-erstellung-eines-plans-mit-auflistung-moeglicher-baumstandorte-im-ortszentrum-in-der-innenstadt-wuerzburg-2\/"},"modified":"2021-12-20T11:54:57","modified_gmt":"2021-12-20T11:54:57","slug":"musterantrag-erstellung-eines-plans-mit-auflistung-moeglicher-baumstandorte-im-ortszentrum-in-der-innenstadt-wuerzburg-2","status":"publish","type":"post","link":"http:\/\/patrick-friedl.de\/wps\/2021\/12\/20\/musterantrag-erstellung-eines-plans-mit-auflistung-moeglicher-baumstandorte-im-ortszentrum-in-der-innenstadt-wuerzburg-2\/","title":{"rendered":"Musterantrag Erstellung eines Plans mit Auflistung m\u00f6glicher Baumstandorte im Ortszentrum\/in der Innenstadt (W\u00fcrzburg)"},"content":{"rendered":"<p>Die Gemeinde \u2026\/Die Stadt \u2026 m\u00f6ge beschlie\u00dfen:<\/p>\n<p>Die Gemeinde \u2026\/Stadt \u2026 erstellt bis \u2026 einen Plan mit Auflistung m\u00f6glicher Baumstandorte im Ortszentrum\/in der Innenstadt unter Zugrundelegung der Leitungssituation im Untergrund. Dabei soll in vereinfachter Form der bauliche Aufwand f\u00fcr evtl. notwendige Leitungsverlegungen dargestellt werden, von gering bis hoch. Der Plan m\u00f6glicher Baumstandorte soll dann bei allen k\u00fcnftigen Planungen und Bauma\u00dfnahmen im Ortszentrum\/in der Innenstadt zur Erm\u00f6glichung einer weiteren Begr\u00fcnung mit (Gro\u00df-)B\u00e4umen herangezogen werden.<\/p>\n<p><!--more--><\/p>\n<p>Begr\u00fcndung<\/p>\n<p>B\u00e4ume sind CO2-Speicherer, und damit wichtige Verb\u00fcndete des Menschen im Kampf gegen die Klima\u00fcberhitzung. Im Sommer dienen sie zudem als Schattenspender und sorgen \u00fcber die Verdunstung f\u00fcr k\u00fchlere Luft. Besonders in dicht bebauten, sich stark aufheizenden Gebieten sind B\u00e4ume daher von gro\u00dfer Bedeutung f\u00fcr die dort lebenden Menschen. Eine systematische Pflanzung kann jedoch nur erfolgen, wenn geeignete Standorte ermittelt und bewertet sind.<\/p>\n<p>Alle F\u00f6rderm\u00f6glichkeiten sind umfassend zu pr\u00fcfen. Insbesondere sei auf das F\u00f6rderprogramm <a href=\"https:\/\/www.stmuv.bayern.de\/themen\/klimaschutz\/kommunal\/index.htm\" target=\"_blank\" rel=\"noopener noreferrer\">\u201eKlimaschutz in Kommunen\u201c (KommKlimaF\u00f6R)<\/a> hingewiesen.<\/p>\n","protected":false},"excerpt":{"rendered":"<p>Die Gemeinde \u2026\/Die Stadt \u2026 m\u00f6ge beschlie\u00dfen: Die Gemeinde \u2026\/Stadt \u2026 erstellt bis \u2026 einen Plan mit Auflistung m\u00f6glicher Baumstandorte im Ortszentrum\/in der Innenstadt unter Zugrundelegung der Leitungssituation im Untergrund. [&hellip;]<\/p>\n","protected":false},"author":-1,"featured_media":0,"comment_status":"open","ping_status":"open","sticky":false,"template":"","format":"standard","meta":{"footnotes":""},"categories":[42],"tags":[],"class_list":["post-424","post","type-post","status-publish","format-standard","hentry","category-musterantraege-kommunal"],"_links":{"self":[{"href":"http:\/\/patrick-friedl.de\/wps\/wp-json\/wp\/v2\/posts\/424","targetHints":{"allow":["GET"]}}],"collection":[{"href":"http:\/\/patrick-friedl.de\/wps\/wp-json\/wp\/v2\/posts"}],"about":[{"href":"http:\/\/patrick-friedl.de\/wps\/wp-json\/wp\/v2\/types\/post"}],"author":[{"embeddable":true,"href":"http:\/\/patrick-friedl.de\/wps\/wp-json\/wp\/v2\/users\/8"}],"replies":[{"embeddable":true,"href":"http:\/\/patrick-friedl.de\/wps\/wp-json\/wp\/v2\/comments?post=424"}],"version-history":[{"count":0,"href":"http:\/\/patrick-friedl.de\/wps\/wp-json\/wp\/v2\/posts\/424\/revisions"}],"wp:attachment":[{"href":"http:\/\/patrick-friedl.de\/wps\/wp-json\/wp\/v2\/media?parent=424"}],"wp:term":[{"taxonomy":"category","embeddable":true,"href":"http:\/\/patrick-friedl.de\/wps\/wp-json\/wp\/v2\/categories?post=424"},{"taxonomy":"post_tag","embeddable":true,"href":"http:\/\/patrick-friedl.de\/wps\/wp-json\/wp\/v2\/tags?post=424"}],"curies":[{"name":"wp","href":"https:\/\/api.w.org\/{rel}","templated":true}]}}