{"id":421,"date":"2021-12-20T10:03:38","date_gmt":"2021-12-20T10:03:38","guid":{"rendered":"https:\/\/patrick-friedl.de\/wps\/2021\/12\/20\/musterantrag-oeffentliche-beleuchtung-und-lichtverschmutzung\/"},"modified":"2021-12-20T10:03:38","modified_gmt":"2021-12-20T10:03:38","slug":"musterantrag-oeffentliche-beleuchtung-und-lichtverschmutzung","status":"publish","type":"post","link":"http:\/\/patrick-friedl.de\/wps\/2021\/12\/20\/musterantrag-oeffentliche-beleuchtung-und-lichtverschmutzung\/","title":{"rendered":"Musterantrag \u00d6ffentliche Beleuchtung und Lichtverschmutzung"},"content":{"rendered":"<p>Die Gemeinde \u2026\/Die Stadt \u2026 m\u00f6ge beschlie\u00dfen:<\/p>\n<p>1. Die Verwaltung legt eine \u00dcbersicht \u00fcber den Ist-Zustand der Beleuchtung des \u00f6ffentlichen Raums in \u2026 vor.<br \/> F\u00fcr jeden Lichtpunkt sollten m\u00f6glichst folgende Informationen enthalten sein:<\/p>\n<p><!--more--><\/p>\n<ol>\n<ul>\n<li>Standort<\/li>\n<li>Typ und Watttage des Leuchtmittels<\/li>\n<li>Typ und Alter der Leuchte<\/li>\n<li>Typ des Vorschaltger\u00e4ts<\/li>\n<li>Zustand des Mastes<\/li>\n<\/ul>\n<\/ol>\n<p>Nur auf Basis dieser Informationen k\u00f6nnen die effektivsten Sanierungsma\u00dfnahmen identifiziert und teure Fehlinvestitionen verhindert werden. Daneben sind die vorhandenen technischen Voraussetzungen f\u00fcr m\u00f6glicherweise einzusetzende Lichtsteuerungstechnologien sowie relevante Vertr\u00e4ge (Lichtlieferung, Stromlieferung, Wartung, etc.) darzustellen. Au\u00dferdem wichtig sind die Energieabrechnungen (Verbrauch, Kosten, Tarife) sowie die Wartungs- und Reparaturkosten der letzten drei Jahre.<\/p>\n<p>2. Die Verwaltung identifiziert den vorrangigen Sanierungsbedarf der \u00f6ffentlichen Beleuchtung. Dies beinhaltet Leuchten mit besonders ineffizienten HQL, nicht mehr ausreichend standsicheren Masten oder besonders hohem Lebensalter (deutlich \u00fcber 30 Jahre).<\/p>\n<p>3. Die Verwaltung legt Berechnungen und Vorschl\u00e4ge f\u00fcr die Finanzierung von Sanierungsma\u00dfnahmen vor.<br \/> Dabei geht es v. a. um die Frage, welche Eigenmittel \u00fcber die kommenden Jahre zur Sanierung der \u00f6ffentlichen Beleuchtung zur Verf\u00fcgung stehen, sowie welche zus\u00e4tzlichen Finanzquellen (F\u00f6rderprogramme des Bundes und des Freistaats, Contracting-Modelle) ggf. in Anspruch genommen werden k\u00f6nnen.<\/p>\n<p>4. Die Verwaltung legt dar, inwiefern die Erstellung eines kommunalen Lichtmasterplans bzw. Beleuchtungskonzeptes sinnvoll ist.<br \/> Darin werden Fragen wie Lichtfarbe und Beleuchtungsniveau \u2013 unter Einbeziehung der privaten Beleuchtungsanlagen (z. B. Schaufensterbeleuchtung, Leuchtreklame) \u2013 r\u00e4umlich differenziert geregelt.<\/p>\n<p>5. Die Verwaltung erstellt einen \u00dcberblick \u00fcber aktuell verf\u00fcgbare energieeffiziente und naturvertr\u00e4gliche Beleuchtungstechnologien.<br \/> Einzubeziehen sind neben effizienten Leuchtmitteln und modernen Leuchtenkonstruktionen auch intelligente Lichtsteuerungstechnologien. Dabei muss selbstverst\u00e4ndlich die jeweilige Passung der neuen und ggf. weiter verwendeten Komponenten (Mast, Leuchtenkopf, Lichtsteuerung, Leuchtmittel) gew\u00e4hrleistet sein. Allgemein ist empfehlenswert, nicht zu viele verschiedene technische Systeme zu installieren, damit Wartungs- und Bevorratungsaufwand begrenzt bleiben und durch Mengeneffekte Preisvorteile erzielt werden k\u00f6nnen.<\/p>\n<p>6. Die Verwaltung berichtet, ob und in welcher Form bei der \u00f6ffentlichen Beleuchtung in \u2026 bereits Insektenschutzbelange ber\u00fccksichtigt werden (z. B. durch Auswahl der Leuchten, Abstrahlwinkel, Farbtemperatur, Betriebszeiten, \u2026) und welche Ma\u00dfnahmen geplant sind.<\/p>\n<p>7. Die Verwaltung legt einen kommunalen\/st\u00e4dtischen Sanierungsfahrplan f\u00fcr eine \u00f6kologische und energieeffiziente Beleuchtung des \u00f6ffentlichen Raums vor.<br \/> Darin werden die dringendsten Sanierungsbedarfe (samt optimaler Alternativen und voraussichtlichem Kostenbedarf) der n\u00e4chsten Jahre mit den jeweils bereitstehenden Investitionsmitteln abgeglichen. Ber\u00fccksichtigt werden dabei auch die durch eine neue, energieeffiziente Stra\u00dfenbeleuchtung mittelfristig sinkenden Betriebskosten, die neue Mittel f\u00fcr Sanierungsinvestitionen freisetzen. Ziel des Sanierungsfahrplans muss die deutliche Senkung des Energieverbrauchs und Steigerung der Insektenvertr\u00e4glichkeit der \u00f6ffentlichen Beleuchtung sein.<br \/> Zielf\u00fchrende Ma\u00dfnahmen sind u. a.: <\/p>\n<ol>\n<ul>\n<li>die Erhaltung von Dunkelgebieten. Beleuchtung sollte nur im Ortsinneren\/Stadtinneren eingesetzt werden. Beleuchtung in der freien Landschaft erf\u00fcllt kaum einen Zweck und schadet den heimischen Tieren.<\/li>\n<li>der Verzicht auf Beleuchtung von Gew\u00e4ssern, Ufern und anderen Feuchtlebensr\u00e4umen. Auch hier werden andernfalls die dort lebenden Tiere gest\u00f6rt.<\/li>\n<li>die schw\u00e4chere Beleuchtung der Ortsrandbereiche\/Stadtrandbereiche im Vergleich zu zentralen Bereichen.<\/li>\n<li>die reduzierte Beleuchtung von \u00f6ffentlichen Geb\u00e4uden und Pl\u00e4tzen (z. B. Kirchen und Sportpl\u00e4tze).<\/li>\n<li>die bevorzugte\/ausschlie\u00dfliche Verwendung von LED-Leuchten mit warmwei\u00dfem oder amberfarbenem Licht. Die Vorteile solcher Lampen betreffen alle relevanten Bereiche: Funktionsf\u00e4higkeit, Energieeffizienz, Artenvertr\u00e4glichkeit, \u00c4sthetik, Schutz der menschlichen Gesundheit.<\/li>\n<li>die Dimmung und\/oder Abschaltung der Leuchten zu bestimmten n\u00e4chtlichen Uhrzeiten.<\/li>\n<li>die Verwendung sogenannter \u201eintelligenter Leuchten\u201c (mit Bewegungssensoren).<\/li>\n<li>die Wahl einer geeigneten Beleuchtungsintensit\u00e4t. Der genaue Wert ist im Einzelfall zu bestimmen.<\/li>\n<li>die Reduzierung von Lichtwerbung sowie deren Anpassung (z. B. Beleuchtung von oben nach unten, nicht von unten nach oben).<\/li>\n<\/ul>\n<\/ol>\n<p>Detailliertere Handlungsm\u00f6glichkeiten liefert der \u201eLeitfaden zur Eind\u00e4mmung der Lichtverschmutzung\u201c, den das bayerische Umweltministerium den Kommunen zur Verf\u00fcgung stellt (abrufbar unter: <a href=\"https:\/\/www.bestellen.bayern.de\/application\/applstarter?APPL=eshop&amp;DIR=eshop&amp;ACTIONxSETVAL(artdtl.htm,APGxNODENR:34,AARTxNR:stmuv_natur_0025,AARTxNODENR:357376,USERxBODYURL:artdtl.htm,KATALOG:StMUG,AKATxNAME:StMUG,ALLE:x)=X\" target=\"_blank\" rel=\"noopener noreferrer\">https:\/\/www.bestellen.bayern.de\/application\/applstarter?APPL=eshop&amp;DIR=eshop&amp;ACTIONxSETVAL(artdtl.htm,APGxNODENR:34,AARTxNR:stmuv_natur_0025,AARTxNODENR:357376,USERxBODYURL:artdtl.htm,KATALOG:StMUG,AKATxNAME:StMUG,ALLE:x)=X<\/a>).<\/p>\n<p>Begr\u00fcndung:<\/p>\n<p>Die Lichtverschmutzung (gr\u00f6\u00dftenteils verschuldet durch \u00f6ffentliche Beleuchtung) schreitet auch in unserer Gemeinde\/Stadt voran. Im Ortszentrum\/Stadtzentrum ist der Sternenhimmel kaum noch zu sehen. Doch es gibt noch schwerwiegendere, wenn auch weniger offensichtliche Auswirkungen \u2013 sowohl auf den Menschen (z. B. Beeintr\u00e4chtigung des Schlafes und damit der Gesundheit) als auch auf die Umwelt (Energieverbrauch, St\u00f6rung und Gef\u00e4hrdung von Tieren, Sch\u00e4digung von Pflanzen, \u2026). Beispielsweise sterben j\u00e4hrlich unz\u00e4hlige Insekten am Kontakt mit den hei\u00dfen Leuchten, oder am Umschwirren des Lichts bis zur t\u00f6dlichen Ersch\u00f6pfung.<\/p>\n<p>Viele St\u00e4dte und Gemeinden in Deutschland beginnen deshalb zurzeit, ihre<\/p>\n<p>Stadtbeleuchtung zu modernisieren. Dazu wird v. a. vorhandene veraltete<\/p>\n<p>Beleuchtungstechnik wie HQL durch energie- und kostensparende sowie schadstoffarme<\/p>\n<p>und insektenvertr\u00e4gliche Leuchtmittel ersetzt. Zudem werden Stra\u00dfenbeleuchtungspl\u00e4ne und<\/p>\n<p>Brennkalender modifiziert bzw. intelligente Lichtsteuerungstechnologien eingesetzt: Durch<\/p>\n<p>Verk\u00fcrzung der Beleuchtungszeiten oder Reduzierung der Beleuchtungsst\u00e4rke in den<\/p>\n<p>Kernnachtzeiten und die Einf\u00fchrung bedarfsabh\u00e4ngiger Beleuchtungssteuerung ergeben<\/p>\n<p>sich so zus\u00e4tzliche Einsparpotenziale.<\/p>\n<p>Auch \u2026 sollte einen Beitrag zur Reduzierung der Lichtverschmutzung und all ihrer negativen Nebeneffekte leisten.<\/p>\n<p>\u00a0<\/p>\n<p>PS.: Um Hinweise zu m\u00f6glichen F\u00f6rdergeldern sowie weitere Informationen zum Thema \u201e\u00f6ffentliche Beleuchtung\u201c zu erhalten, sei auf die Brosch\u00fcre \u201eKlimaschutz in neuem Licht\u201c des Umweltbundesamtes hingewiesen (abrufbar unter:\u00a0<a href=\"https:\/\/www.bmu.de\/publikation\/klimaschutz-in-neuem-licht\/\" target=\"_blank\" rel=\"noopener noreferrer\">https:\/\/www.bmu.de\/publikation\/klimaschutz-in-neuem-licht\/<\/a>).<\/p>\n","protected":false},"excerpt":{"rendered":"<p>Die Gemeinde \u2026\/Die Stadt \u2026 m\u00f6ge beschlie\u00dfen: 1. Die Verwaltung legt eine \u00dcbersicht \u00fcber den Ist-Zustand der Beleuchtung des \u00f6ffentlichen Raums in \u2026 vor. F\u00fcr jeden Lichtpunkt sollten m\u00f6glichst folgende [&hellip;]<\/p>\n","protected":false},"author":-1,"featured_media":0,"comment_status":"open","ping_status":"open","sticky":false,"template":"","format":"standard","meta":{"footnotes":""},"categories":[42],"tags":[],"class_list":["post-421","post","type-post","status-publish","format-standard","hentry","category-musterantraege-kommunal"],"_links":{"self":[{"href":"http:\/\/patrick-friedl.de\/wps\/wp-json\/wp\/v2\/posts\/421","targetHints":{"allow":["GET"]}}],"collection":[{"href":"http:\/\/patrick-friedl.de\/wps\/wp-json\/wp\/v2\/posts"}],"about":[{"href":"http:\/\/patrick-friedl.de\/wps\/wp-json\/wp\/v2\/types\/post"}],"author":[{"embeddable":true,"href":"http:\/\/patrick-friedl.de\/wps\/wp-json\/wp\/v2\/users\/8"}],"replies":[{"embeddable":true,"href":"http:\/\/patrick-friedl.de\/wps\/wp-json\/wp\/v2\/comments?post=421"}],"version-history":[{"count":0,"href":"http:\/\/patrick-friedl.de\/wps\/wp-json\/wp\/v2\/posts\/421\/revisions"}],"wp:attachment":[{"href":"http:\/\/patrick-friedl.de\/wps\/wp-json\/wp\/v2\/media?parent=421"}],"wp:term":[{"taxonomy":"category","embeddable":true,"href":"http:\/\/patrick-friedl.de\/wps\/wp-json\/wp\/v2\/categories?post=421"},{"taxonomy":"post_tag","embeddable":true,"href":"http:\/\/patrick-friedl.de\/wps\/wp-json\/wp\/v2\/tags?post=421"}],"curies":[{"name":"wp","href":"https:\/\/api.w.org\/{rel}","templated":true}]}}