{"id":420,"date":"2021-12-20T09:57:49","date_gmt":"2021-12-20T09:57:49","guid":{"rendered":"https:\/\/patrick-friedl.de\/wps\/2021\/12\/20\/musterantrag-lichtverschmutzung\/"},"modified":"2021-12-20T09:57:49","modified_gmt":"2021-12-20T09:57:49","slug":"musterantrag-lichtverschmutzung","status":"publish","type":"post","link":"http:\/\/patrick-friedl.de\/wps\/2021\/12\/20\/musterantrag-lichtverschmutzung\/","title":{"rendered":"Musterantrag Lichtverschmutzung"},"content":{"rendered":"<p>Die Gemeinde \u2026\/Die Stadt \u2026 m\u00f6ge beschlie\u00dfen:\u00a0<\/p>\n<p>Die Verwaltung berichtet \u00fcber die Umsetzung der neuen Gesetze zur Lichtverschmutzung, die seit 01.08.2019 bayernweit gelten (<strong>Art. 9 BayImSchG<\/strong>\u00a0sowie\u00a0<strong>\u00a7 1 Art. 11a BayNatSchG<\/strong>).<\/p>\n<p>Die interessierenden Fragen lauten im Detail:<\/p>\n<p><!--more--><\/p>\n<p>Zu Art. 9 BayImSchG:<\/p>\n<ul>\n<li>Die Fassaden welcher baulichen Anlagen der \u00f6ffentlichen Hand werden in der Gemeinde\/Stadt aufgrund des Gesetzes (von 23 Uhr bis zur Morgend\u00e4mmerung) nicht mehr beleuchtet?<\/li>\n<li>Wie viele beleuchtete\/lichtemittierende Werbeanlagen im Au\u00dfenbereich mussten in der Gemeinde\/Stadt aufgrund des Verbotes entfernt werden?<\/li>\n<li>Wo und aus welchen Gr\u00fcnden wurden in der Gemeinde\/Stadt Ausnahmen des o. g. Verbotes erwirkt?<\/li>\n<li>Wie wird die Einhaltung des Gesetzes in der Gemeinde\/Stadt kontrolliert?<\/li>\n<li>Wie viele F\u00e4lle von Verst\u00f6\u00dfen gegen Art. 9 BayImSchG gab es in der Gemeinde\/Stadt seit Inkrafttreten des Gesetzes?<\/li>\n<li>Wie hoch waren die jeweils verh\u00e4ngten Geldbu\u00dfen f\u00fcr o. g. Verst\u00f6\u00dfe?<\/li>\n<\/ul>\n<p>Zu \u00a7 1 Art. 11a BayNatSchG<\/p>\n<ul>\n<li>Wo mussten in der Gemeinde\/Stadt Himmelstrahler oder Einrichtungen mit \u00e4hnlicher Wirkung aufgrund des Gesetzes entfernt werden?<\/li>\n<li>Inwiefern werden seit Inkrafttreten des Gesetzes beim Aufstellen von Beleuchtungsanlagen im Au\u00dfenbereich die Auswirkungen auf die Insektenfauna \u00fcberpr\u00fcft und die Ziele des Artenschutzes ber\u00fccksichtigt?<\/li>\n<li>Wo mussten in der Gemeinde\/Stadt Beleuchtungen in unmittelbarer N\u00e4he von gesch\u00fctzten Landschaftsbestandteilen und Biotopen aufgrund des Gesetzes entfernt werden?<\/li>\n<li>Wo und aus welchen Gr\u00fcnden sind in der Gemeinde\/Stadt (aufgrund von Ausnahmeregelungen) weiterhin Beleuchtungen in unmittelbarer N\u00e4he von gesch\u00fctzten Landschaftsbestandteilen und Biotopen vorhanden?<\/li>\n<li>Wie wird die Einhaltung des Gesetzes in der Gemeinde\/Stadt kontrolliert?<\/li>\n<li>Wie viele F\u00e4lle von Verst\u00f6\u00dfen gegen \u00a7 1 Art. 11a BayNatSchG gab es in der Gemeinde\/Stadt seit Inkrafttreten des Gesetzes?<\/li>\n<li>Wie wurden die o. g. Verst\u00f6\u00dfe jeweils geahndet?<\/li>\n<\/ul>\n<p>\u00a0<\/p>\n<p>Begr\u00fcndung:<\/p>\n<p>Die beiden Gesetze entstanden infolge des viel beachteten und sehr erfolgreichen Volksbegehrens Artenschutz (\u201eRettet die Bienen\u201c). Den zahlreichen Unterzeichnern war es ein Anliegen, Bayerns Artenvielfalt zu sch\u00fctzen und zu erhalten, insbesondere in Bezug auf die Insektenfauna. F\u00fcr viele Insektenarten stellt n\u00e4chtliche k\u00fcnstliche Beleuchtung eine schwerwiegende Gefahr dar. Sowohl der direkte Kontakt mit hei\u00dfen Lichtquellen als auch das stundenlange Umschwirren von Lichtquellen f\u00fchren allzu oft zum Tod (oder zu Verletzungen) von Insekten. Daher ist es unabdingbar, dass die zusammenh\u00e4ngenden Themen Artenschutz und Lichtverschmutzung auch in \u2026 geb\u00fchrende Beachtung finden und dass die hierzu geltenden Gesetze konsequent eingehalten werden.<\/p>\n","protected":false},"excerpt":{"rendered":"<p>Die Gemeinde \u2026\/Die Stadt \u2026 m\u00f6ge beschlie\u00dfen:\u00a0 Die Verwaltung berichtet \u00fcber die Umsetzung der neuen Gesetze zur Lichtverschmutzung, die seit 01.08.2019 bayernweit gelten (Art. 9 BayImSchG\u00a0sowie\u00a0\u00a7 1 Art. 11a BayNatSchG). [&hellip;]<\/p>\n","protected":false},"author":-1,"featured_media":0,"comment_status":"open","ping_status":"open","sticky":false,"template":"","format":"standard","meta":{"footnotes":""},"categories":[42],"tags":[],"class_list":["post-420","post","type-post","status-publish","format-standard","hentry","category-musterantraege-kommunal"],"_links":{"self":[{"href":"http:\/\/patrick-friedl.de\/wps\/wp-json\/wp\/v2\/posts\/420","targetHints":{"allow":["GET"]}}],"collection":[{"href":"http:\/\/patrick-friedl.de\/wps\/wp-json\/wp\/v2\/posts"}],"about":[{"href":"http:\/\/patrick-friedl.de\/wps\/wp-json\/wp\/v2\/types\/post"}],"author":[{"embeddable":true,"href":"http:\/\/patrick-friedl.de\/wps\/wp-json\/wp\/v2\/users\/8"}],"replies":[{"embeddable":true,"href":"http:\/\/patrick-friedl.de\/wps\/wp-json\/wp\/v2\/comments?post=420"}],"version-history":[{"count":0,"href":"http:\/\/patrick-friedl.de\/wps\/wp-json\/wp\/v2\/posts\/420\/revisions"}],"wp:attachment":[{"href":"http:\/\/patrick-friedl.de\/wps\/wp-json\/wp\/v2\/media?parent=420"}],"wp:term":[{"taxonomy":"category","embeddable":true,"href":"http:\/\/patrick-friedl.de\/wps\/wp-json\/wp\/v2\/categories?post=420"},{"taxonomy":"post_tag","embeddable":true,"href":"http:\/\/patrick-friedl.de\/wps\/wp-json\/wp\/v2\/tags?post=420"}],"curies":[{"name":"wp","href":"https:\/\/api.w.org\/{rel}","templated":true}]}}