{"id":2000,"date":"2020-01-01T10:31:00","date_gmt":"2020-01-01T10:31:00","guid":{"rendered":"https:\/\/patrick-friedl.de\/wps\/?p=2000"},"modified":"2025-06-03T10:45:34","modified_gmt":"2025-06-03T09:45:34","slug":"kommunaler-klimaschutz","status":"publish","type":"post","link":"http:\/\/patrick-friedl.de\/wps\/2020\/01\/01\/kommunaler-klimaschutz\/","title":{"rendered":"Kommunaler Klimaschutz"},"content":{"rendered":"\n<p><strong>Klimaschutz beginnt vor Ort: Kommunale Verantwortung f\u00fcr unsere Zukunft<\/strong><\/p>\n\n\n\n<p>Kommunen spielen eine Schl\u00fcsselrolle bei der Bew\u00e4ltigung der Klimakrise. Ob Energieversorgung, Mobilit\u00e4t, Stadtplanung oder \u00d6ffentlichkeitsarbeit: hier werden zentrale Weichen gestellt. Das Positionspapier \u201eKommunaler Klimaschutz\u201c der Gr\u00fcnen Landtagsfraktion zeigt auf, wie St\u00e4dte und Gemeinden mit klaren Zielen, guten Rahmenbedingungen und konkreten Ma\u00dfnahmen aktiven Klimaschutz betreiben k\u00f6nnen.<\/p>\n\n\n\n<p>Es macht deutlich: Nur wenn Kommunen bei der Energiewende, der W\u00e4rme- und Verkehrswende gezielt unterst\u00fctzt und gest\u00e4rkt werden, lassen sich die Pariser Klimaziele erreichen. Dazu braucht es unter anderem klare Leitlinien, verl\u00e4ssliche F\u00f6rderprogramme, Energieagenturen in allen Regionen, Klimaschutzbeauftragte vor Ort und eine transparente B\u00fcrgerbeteiligung.<\/p>\n\n\n\n<p>Das Papier enth\u00e4lt zahlreiche praxisnahe Vorschl\u00e4ge, von der Solaroffensive \u00fcber kommunale W\u00e4rmenetze bis zur klimafreundlichen Bauleitplanung. Denn Klimaschutz vor Ort ist machbar, wenn wir ihn gemeinsam gestalten.<\/p>\n\n\n\n<p>Das vollst\u00e4ndige Positionspapier finden Sie <a href=\"http:\/\/patrick-friedl.de\/wps\/wp-content\/uploads\/2025\/06\/200115_A2_Positionspapier_Kommunaler_Klimaschutz_FINAL.pdf\">hier<\/a>.<\/p>\n","protected":false},"excerpt":{"rendered":"<p>Klimaschutz beginnt vor Ort: Kommunale Verantwortung f\u00fcr unsere Zukunft Kommunen spielen eine Schl\u00fcsselrolle bei der Bew\u00e4ltigung der Klimakrise. Ob Energieversorgung, Mobilit\u00e4t, Stadtplanung oder \u00d6ffentlichkeitsarbeit: hier werden zentrale Weichen gestellt. Das [&hellip;]<\/p>\n","protected":false},"author":-1,"featured_media":2002,"comment_status":"closed","ping_status":"closed","sticky":false,"template":"","format":"standard","meta":{"footnotes":""},"categories":[47,71],"tags":[],"class_list":["post-2000","post","type-post","status-publish","format-standard","has-post-thumbnail","hentry","category-positionen","category-startseite"],"_links":{"self":[{"href":"http:\/\/patrick-friedl.de\/wps\/wp-json\/wp\/v2\/posts\/2000","targetHints":{"allow":["GET"]}}],"collection":[{"href":"http:\/\/patrick-friedl.de\/wps\/wp-json\/wp\/v2\/posts"}],"about":[{"href":"http:\/\/patrick-friedl.de\/wps\/wp-json\/wp\/v2\/types\/post"}],"author":[{"embeddable":true,"href":"http:\/\/patrick-friedl.de\/wps\/wp-json\/wp\/v2\/users\/8"}],"replies":[{"embeddable":true,"href":"http:\/\/patrick-friedl.de\/wps\/wp-json\/wp\/v2\/comments?post=2000"}],"version-history":[{"count":2,"href":"http:\/\/patrick-friedl.de\/wps\/wp-json\/wp\/v2\/posts\/2000\/revisions"}],"predecessor-version":[{"id":2004,"href":"http:\/\/patrick-friedl.de\/wps\/wp-json\/wp\/v2\/posts\/2000\/revisions\/2004"}],"wp:featuredmedia":[{"embeddable":true,"href":"http:\/\/patrick-friedl.de\/wps\/wp-json\/wp\/v2\/media\/2002"}],"wp:attachment":[{"href":"http:\/\/patrick-friedl.de\/wps\/wp-json\/wp\/v2\/media?parent=2000"}],"wp:term":[{"taxonomy":"category","embeddable":true,"href":"http:\/\/patrick-friedl.de\/wps\/wp-json\/wp\/v2\/categories?post=2000"},{"taxonomy":"post_tag","embeddable":true,"href":"http:\/\/patrick-friedl.de\/wps\/wp-json\/wp\/v2\/tags?post=2000"}],"curies":[{"name":"wp","href":"https:\/\/api.w.org\/{rel}","templated":true}]}}