{"id":1743,"date":"2024-10-28T09:24:00","date_gmt":"2024-10-28T09:24:00","guid":{"rendered":"https:\/\/patrick-friedl.de\/wps\/?p=1743"},"modified":"2025-05-23T11:54:22","modified_gmt":"2025-05-23T10:54:22","slug":"schriftliche-anfrage-hochwasserschutz-in-den-kommunen-in-bayern","status":"publish","type":"post","link":"http:\/\/patrick-friedl.de\/wps\/2024\/10\/28\/schriftliche-anfrage-hochwasserschutz-in-den-kommunen-in-bayern\/","title":{"rendered":"Schriftliche Anfrage: Hochwasserschutz in den Kommunen in Bayern"},"content":{"rendered":"\n<p>Die Hochwasserkatastrophe am letzten Pfingstwochenende 2024 hat in Bayern erhebliche Sch\u00e4den verursacht. Diese Schriftliche Anfrage hinterfragt, welche Kommunen betroffen waren und welche Hochwasserschutzma\u00dfnahmen seit 1999 umgesetzt oder nicht umgesetzt wurden. Im Fokus stehen auch die geplanten Ma\u00dfnahmen, die bislang nicht realisiert wurden, sowie die Frage, warum bestimmte Polder beim letzten Hochwasserereignis nicht aktiviert wurden.<\/p>\n\n\n\n<p>Die Anfrage mit Antwort der Staatsregierung finden Sie <a href=\"https:\/\/www.bayern.landtag.de\/www\/ElanTextAblage_WP19\/Drucksachen\/Schriftliche%20Anfragen\/19_0003315.pdf\">hier<\/a>.<\/p>\n","protected":false},"excerpt":{"rendered":"<p>Die Hochwasserkatastrophe am letzten Pfingstwochenende 2024 hat in Bayern erhebliche Sch\u00e4den verursacht. Diese Schriftliche Anfrage hinterfragt, welche Kommunen betroffen waren und welche Hochwasserschutzma\u00dfnahmen seit 1999 umgesetzt oder nicht umgesetzt wurden. [&hellip;]<\/p>\n","protected":false},"author":-1,"featured_media":0,"comment_status":"closed","ping_status":"closed","sticky":false,"template":"","format":"standard","meta":{"footnotes":""},"categories":[45,77,80],"tags":[],"class_list":["post-1743","post","type-post","status-publish","format-standard","hentry","category-anfragen-im-landtag-2","category-schriftliche-anfragen","category-wasser-gewaesser-san"],"_links":{"self":[{"href":"http:\/\/patrick-friedl.de\/wps\/wp-json\/wp\/v2\/posts\/1743","targetHints":{"allow":["GET"]}}],"collection":[{"href":"http:\/\/patrick-friedl.de\/wps\/wp-json\/wp\/v2\/posts"}],"about":[{"href":"http:\/\/patrick-friedl.de\/wps\/wp-json\/wp\/v2\/types\/post"}],"author":[{"embeddable":true,"href":"http:\/\/patrick-friedl.de\/wps\/wp-json\/wp\/v2\/users\/8"}],"replies":[{"embeddable":true,"href":"http:\/\/patrick-friedl.de\/wps\/wp-json\/wp\/v2\/comments?post=1743"}],"version-history":[{"count":1,"href":"http:\/\/patrick-friedl.de\/wps\/wp-json\/wp\/v2\/posts\/1743\/revisions"}],"predecessor-version":[{"id":1744,"href":"http:\/\/patrick-friedl.de\/wps\/wp-json\/wp\/v2\/posts\/1743\/revisions\/1744"}],"wp:attachment":[{"href":"http:\/\/patrick-friedl.de\/wps\/wp-json\/wp\/v2\/media?parent=1743"}],"wp:term":[{"taxonomy":"category","embeddable":true,"href":"http:\/\/patrick-friedl.de\/wps\/wp-json\/wp\/v2\/categories?post=1743"},{"taxonomy":"post_tag","embeddable":true,"href":"http:\/\/patrick-friedl.de\/wps\/wp-json\/wp\/v2\/tags?post=1743"}],"curies":[{"name":"wp","href":"https:\/\/api.w.org\/{rel}","templated":true}]}}