{"id":1741,"date":"2024-10-28T09:23:00","date_gmt":"2024-10-28T09:23:00","guid":{"rendered":"https:\/\/patrick-friedl.de\/wps\/?p=1741"},"modified":"2025-05-23T11:54:22","modified_gmt":"2025-05-23T10:54:22","slug":"schriftliche-anfrage-hochwasserschutz-polder","status":"publish","type":"post","link":"http:\/\/patrick-friedl.de\/wps\/2024\/10\/28\/schriftliche-anfrage-hochwasserschutz-polder\/","title":{"rendered":"Schriftliche Anfrage: Hochwasserschutz &#8211; Polder"},"content":{"rendered":"\n<p>In dieser Schriftlichen Anfrage wurde die Staatsregierung umfassend zur aktuellen Hochwasserschutzstrategie befragt. Dabei stehen Flutpolder im Mittelpunkt \u2013 von bereits errichteten Poldern \u00fcber aktuell im Bau befindliche bis hin zu geplanten Projekten. Auch die Kosten, das Retentionsvolumen und die gesch\u00fctzten Fl\u00e4chen werden detailliert abgefragt. Wie effektiv sind die Polder wirklich, und welche zus\u00e4tzlichen Ma\u00dfnahmen plant die Staatsregierung, um den Hochwasserschutz fl\u00e4chendeckend zu gew\u00e4hrleisten?<\/p>\n\n\n\n<p>Die Anfrage mit Antwort der Staatsregierung finden Sie <a href=\"https:\/\/www.bayern.landtag.de\/www\/ElanTextAblage_WP19\/Drucksachen\/Schriftliche%20Anfragen\/19_0003322.pdf\">hier<\/a>.<\/p>\n","protected":false},"excerpt":{"rendered":"<p>In dieser Schriftlichen Anfrage wurde die Staatsregierung umfassend zur aktuellen Hochwasserschutzstrategie befragt. Dabei stehen Flutpolder im Mittelpunkt \u2013 von bereits errichteten Poldern \u00fcber aktuell im Bau befindliche bis hin zu [&hellip;]<\/p>\n","protected":false},"author":-1,"featured_media":0,"comment_status":"closed","ping_status":"closed","sticky":false,"template":"","format":"standard","meta":{"footnotes":""},"categories":[45,77,80],"tags":[],"class_list":["post-1741","post","type-post","status-publish","format-standard","hentry","category-anfragen-im-landtag-2","category-schriftliche-anfragen","category-wasser-gewaesser-san"],"_links":{"self":[{"href":"http:\/\/patrick-friedl.de\/wps\/wp-json\/wp\/v2\/posts\/1741","targetHints":{"allow":["GET"]}}],"collection":[{"href":"http:\/\/patrick-friedl.de\/wps\/wp-json\/wp\/v2\/posts"}],"about":[{"href":"http:\/\/patrick-friedl.de\/wps\/wp-json\/wp\/v2\/types\/post"}],"author":[{"embeddable":true,"href":"http:\/\/patrick-friedl.de\/wps\/wp-json\/wp\/v2\/users\/8"}],"replies":[{"embeddable":true,"href":"http:\/\/patrick-friedl.de\/wps\/wp-json\/wp\/v2\/comments?post=1741"}],"version-history":[{"count":1,"href":"http:\/\/patrick-friedl.de\/wps\/wp-json\/wp\/v2\/posts\/1741\/revisions"}],"predecessor-version":[{"id":1742,"href":"http:\/\/patrick-friedl.de\/wps\/wp-json\/wp\/v2\/posts\/1741\/revisions\/1742"}],"wp:attachment":[{"href":"http:\/\/patrick-friedl.de\/wps\/wp-json\/wp\/v2\/media?parent=1741"}],"wp:term":[{"taxonomy":"category","embeddable":true,"href":"http:\/\/patrick-friedl.de\/wps\/wp-json\/wp\/v2\/categories?post=1741"},{"taxonomy":"post_tag","embeddable":true,"href":"http:\/\/patrick-friedl.de\/wps\/wp-json\/wp\/v2\/tags?post=1741"}],"curies":[{"name":"wp","href":"https:\/\/api.w.org\/{rel}","templated":true}]}}