{"id":1739,"date":"2024-10-28T09:22:00","date_gmt":"2024-10-28T09:22:00","guid":{"rendered":"https:\/\/patrick-friedl.de\/wps\/?p=1739"},"modified":"2025-05-23T11:59:02","modified_gmt":"2025-05-23T10:59:02","slug":"schriftliche-anfrage-deponien-in-bayern","status":"publish","type":"post","link":"http:\/\/patrick-friedl.de\/wps\/2024\/10\/28\/schriftliche-anfrage-deponien-in-bayern\/","title":{"rendered":"Schriftliche Anfrage: Deponien in Bayern"},"content":{"rendered":"\n<p>Die bayerischen Deponien sind ein wichtiges Thema, gerade im Hinblick auf die steigenden Abfallmengen und die knapper werdenden Kapazit\u00e4ten. Diese Schriftliche Anfrage beleuchtet die aktuelle Situation und fragt nach der Anzahl bestehender, stillgelegter und geplanter Deponien in Bayern, den noch verf\u00fcgbaren Kapazit\u00e4ten und den Mengen an Abf\u00e4llen, die j\u00e4hrlich eingelagert werden \u2013 auch aus anderen Bundesl\u00e4ndern. Zudem wird nach der zuk\u00fcnftigen Entwicklung des Deponieraums und der M\u00f6glichkeit zur Abfallaufbereitung gefragt.<\/p>\n\n\n\n<p>Die Anfrage mit Antwort der Staatsregierung finden Sie <a href=\"https:\/\/www.bayern.landtag.de\/www\/ElanTextAblage_WP19\/Drucksachen\/Schriftliche%20Anfragen\/19_0003439.pdf\">hier<\/a>.<\/p>\n","protected":false},"excerpt":{"rendered":"<p>Die bayerischen Deponien sind ein wichtiges Thema, gerade im Hinblick auf die steigenden Abfallmengen und die knapper werdenden Kapazit\u00e4ten. Diese Schriftliche Anfrage beleuchtet die aktuelle Situation und fragt nach der [&hellip;]<\/p>\n","protected":false},"author":-1,"featured_media":0,"comment_status":"closed","ping_status":"closed","sticky":false,"template":"","format":"standard","meta":{"footnotes":""},"categories":[79,45,77],"tags":[],"class_list":["post-1739","post","type-post","status-publish","format-standard","hentry","category-natur-artenschutz-san","category-anfragen-im-landtag-2","category-schriftliche-anfragen"],"_links":{"self":[{"href":"http:\/\/patrick-friedl.de\/wps\/wp-json\/wp\/v2\/posts\/1739","targetHints":{"allow":["GET"]}}],"collection":[{"href":"http:\/\/patrick-friedl.de\/wps\/wp-json\/wp\/v2\/posts"}],"about":[{"href":"http:\/\/patrick-friedl.de\/wps\/wp-json\/wp\/v2\/types\/post"}],"author":[{"embeddable":true,"href":"http:\/\/patrick-friedl.de\/wps\/wp-json\/wp\/v2\/users\/8"}],"replies":[{"embeddable":true,"href":"http:\/\/patrick-friedl.de\/wps\/wp-json\/wp\/v2\/comments?post=1739"}],"version-history":[{"count":1,"href":"http:\/\/patrick-friedl.de\/wps\/wp-json\/wp\/v2\/posts\/1739\/revisions"}],"predecessor-version":[{"id":1740,"href":"http:\/\/patrick-friedl.de\/wps\/wp-json\/wp\/v2\/posts\/1739\/revisions\/1740"}],"wp:attachment":[{"href":"http:\/\/patrick-friedl.de\/wps\/wp-json\/wp\/v2\/media?parent=1739"}],"wp:term":[{"taxonomy":"category","embeddable":true,"href":"http:\/\/patrick-friedl.de\/wps\/wp-json\/wp\/v2\/categories?post=1739"},{"taxonomy":"post_tag","embeddable":true,"href":"http:\/\/patrick-friedl.de\/wps\/wp-json\/wp\/v2\/tags?post=1739"}],"curies":[{"name":"wp","href":"https:\/\/api.w.org\/{rel}","templated":true}]}}