{"id":1581,"date":"2022-12-12T10:54:00","date_gmt":"2022-12-12T10:54:00","guid":{"rendered":"https:\/\/patrick-friedl.de\/wps\/?p=1581"},"modified":"2025-06-04T08:09:03","modified_gmt":"2025-06-04T07:09:03","slug":"anfrage-zum-plenum-auswirkungen-der-veraenderten-mittelvergabe-des-zukunftsvertrags-studium-und-lehre-auf-das-verhaeltnis-von-studierenden-zu-lehrenden-2","status":"publish","type":"post","link":"http:\/\/patrick-friedl.de\/wps\/2022\/12\/12\/anfrage-zum-plenum-auswirkungen-der-veraenderten-mittelvergabe-des-zukunftsvertrags-studium-und-lehre-auf-das-verhaeltnis-von-studierenden-zu-lehrenden-2\/","title":{"rendered":"Anfrage zum Plenum: Auswirkungen der ver\u00e4nderten Mittelvergabe des &#8222;Zukunftsvertrags Studium und Lehre&#8220; auf das Verh\u00e4ltnis von Studierenden zu Lehrenden"},"content":{"rendered":"\n<p>In einer Anfrage zum Plenum zur Plenarsitzung am 12.12.2022 befragte ich die Staatsregierung, wie sich das Verh\u00e4ltnis von Studierenden zu Lehrenden an den gef\u00f6rderten Hochschulen in Bayern seit Beginn der ersten F\u00f6rderperiode des \u201eZukunftsvertrags Studium und Lehre st\u00e4rken\u201c entwickelt hat, wie sich dieses Verh\u00e4ltnis nach dem begonnenen Stellenabbau in der zweiten F\u00f6rderperiode voraussichtlich darstellen wird und ob die Mittelvergabe k\u00fcnftig indexiert wird.<\/p>\n\n\n\n<p>Die AzP mit Antwort der Staatsregierung finden Sie <a href=\"https:\/\/www.bayern.landtag.de\/www\/ElanTextAblage_WP18\/Drucksachen\/Basisdrucksachen\/0000015500\/0000015940_033.pdf\">hier<\/a>.<\/p>\n","protected":false},"excerpt":{"rendered":"<p>In einer Anfrage zum Plenum zur Plenarsitzung am 12.12.2022 befragte ich die Staatsregierung, wie sich das Verh\u00e4ltnis von Studierenden zu Lehrenden an den gef\u00f6rderten Hochschulen in Bayern seit Beginn der [&hellip;]<\/p>\n","protected":false},"author":-1,"featured_media":0,"comment_status":"closed","ping_status":"closed","sticky":false,"template":"","format":"standard","meta":{"footnotes":""},"categories":[76,45,87],"tags":[],"class_list":["post-1581","post","type-post","status-publish","format-standard","hentry","category-anfragen-zum-plenum","category-anfragen-im-landtag-2","category-staatliches-handeln-verwaltung-azp"],"_links":{"self":[{"href":"http:\/\/patrick-friedl.de\/wps\/wp-json\/wp\/v2\/posts\/1581","targetHints":{"allow":["GET"]}}],"collection":[{"href":"http:\/\/patrick-friedl.de\/wps\/wp-json\/wp\/v2\/posts"}],"about":[{"href":"http:\/\/patrick-friedl.de\/wps\/wp-json\/wp\/v2\/types\/post"}],"author":[{"embeddable":true,"href":"http:\/\/patrick-friedl.de\/wps\/wp-json\/wp\/v2\/users\/8"}],"replies":[{"embeddable":true,"href":"http:\/\/patrick-friedl.de\/wps\/wp-json\/wp\/v2\/comments?post=1581"}],"version-history":[{"count":1,"href":"http:\/\/patrick-friedl.de\/wps\/wp-json\/wp\/v2\/posts\/1581\/revisions"}],"predecessor-version":[{"id":1582,"href":"http:\/\/patrick-friedl.de\/wps\/wp-json\/wp\/v2\/posts\/1581\/revisions\/1582"}],"wp:attachment":[{"href":"http:\/\/patrick-friedl.de\/wps\/wp-json\/wp\/v2\/media?parent=1581"}],"wp:term":[{"taxonomy":"category","embeddable":true,"href":"http:\/\/patrick-friedl.de\/wps\/wp-json\/wp\/v2\/categories?post=1581"},{"taxonomy":"post_tag","embeddable":true,"href":"http:\/\/patrick-friedl.de\/wps\/wp-json\/wp\/v2\/tags?post=1581"}],"curies":[{"name":"wp","href":"https:\/\/api.w.org\/{rel}","templated":true}]}}